{"id":123107,"date":"2024-10-09T12:46:47","date_gmt":"2024-10-09T15:46:47","guid":{"rendered":"https:\/\/onordeste.com.br\/?p=123063"},"modified":"2024-10-09T12:46:47","modified_gmt":"2024-10-09T15:46:47","slug":"paraiba-tera-emissao-de-cartao-de-vacinacao-em-braile","status":"publish","type":"post","link":"https:\/\/iparaiba.com.br\/index.php\/2024\/10\/09\/paraiba-tera-emissao-de-cartao-de-vacinacao-em-braile\/","title":{"rendered":"Para\u00edba ter\u00e1 emiss\u00e3o de cart\u00e3o de vacina\u00e7\u00e3o em braile"},"content":{"rendered":"<p>Em uma a\u00e7\u00e3o que promove a inclus\u00e3o dos direitos das pessoas com defici\u00eancia, o governador Jo\u00e3o Azevedo sancionou a lei 13.416\/2024, que garante cart\u00e3o de vacina\u00e7\u00e3o em braile para todos os paraibanos com defici\u00eancia visual. Publicada no Di\u00e1rio Oficial do Estado (DOE) desta quarta-feira (9), a iniciativa entra em vigor em 90 dias.<\/p>\n<p>Segundo a lei, a substitui\u00e7\u00e3o n\u00e3o \u00e9 obrigat\u00f3ria, cabendo ao paciente com defici\u00eancia visual optar pela substitui\u00e7\u00e3o ou atualiza\u00e7\u00e3o de carteiras de vacina\u00e7\u00e3o j\u00e1 emitidas. Caso solicite as informa\u00e7\u00f5es em braile, o estado fica obrigado a emitir a carteira de vacina\u00e7\u00e3o em escrita t\u00e1til acess\u00edvel.<\/p>\n<p>Para o presidente da Assembleia Legislativa da Para\u00edba e autor da propositura, Adriano Galdino, a lei representa um avan\u00e7o significativo na promo\u00e7\u00e3o dos direitos das pessoas com defici\u00eancia visual, reafirmando o compromisso do Estado da Para\u00edba com a inclus\u00e3o, a sa\u00fade p\u00fablica, e a dignidade humana.<\/p>\n<p>\u201cA acessibilidade \u00e9 um direito garantido pela Constitui\u00e7\u00e3o Federal do Brasil. Garantir que informa\u00e7\u00f5es essenciais \u00e0 sa\u00fade, como o hist\u00f3rico de vacina\u00e7\u00e3o, estejam acess\u00edveis em Braille, \u00e9 um passo crucial para assegurar que as pessoas com defici\u00eancia visual possam gerenciar sua pr\u00f3pria sa\u00fade de forma independente, promovendo sua dignidade e autonomia\u201d, argumentou.<\/p>\n<p>A fiscaliza\u00e7\u00e3o da ser\u00e1 feita pelos \u00f3rg\u00e3os de controle, sem preju\u00edzo da atua\u00e7\u00e3o conjunta ou independente do Minist\u00e9rio P\u00fablico do Estado da Para\u00edba.<\/p>\n","protected":false},"excerpt":{"rendered":"<p>Em uma a\u00e7\u00e3o que promove a inclus\u00e3o dos direitos das pessoas com defici\u00eancia, o governador Jo\u00e3o Azevedo sancionou a lei 13.416\/2024, que garante cart\u00e3o de vacina\u00e7\u00e3o em braile para todos os paraibanos com defici\u00eancia visual. Publicada no Di\u00e1rio Oficial do Estado (DOE) desta quarta-feira (9), a iniciativa entra em vigor em 90 dias. Segundo a &hellip;<\/p>\n","protected":false},"author":1,"featured_media":109547,"comment_status":"open","ping_status":"open","sticky":false,"template":"","format":"standard","meta":{"footnotes":""},"categories":[2],"tags":[],"class_list":["post-123107","post","type-post","status-publish","format-standard","has-post-thumbnail","hentry","category-saude"],"_links":{"self":[{"href":"https:\/\/iparaiba.com.br\/index.php\/wp-json\/wp\/v2\/posts\/123107","targetHints":{"allow":["GET"]}}],"collection":[{"href":"https:\/\/iparaiba.com.br\/index.php\/wp-json\/wp\/v2\/posts"}],"about":[{"href":"https:\/\/iparaiba.com.br\/index.php\/wp-json\/wp\/v2\/types\/post"}],"author":[{"embeddable":true,"href":"https:\/\/iparaiba.com.br\/index.php\/wp-json\/wp\/v2\/users\/1"}],"replies":[{"embeddable":true,"href":"https:\/\/iparaiba.com.br\/index.php\/wp-json\/wp\/v2\/comments?post=123107"}],"version-history":[{"count":0,"href":"https:\/\/iparaiba.com.br\/index.php\/wp-json\/wp\/v2\/posts\/123107\/revisions"}],"wp:featuredmedia":[{"embeddable":true,"href":"https:\/\/iparaiba.com.br\/index.php\/wp-json\/wp\/v2\/media\/109547"}],"wp:attachment":[{"href":"https:\/\/iparaiba.com.br\/index.php\/wp-json\/wp\/v2\/media?parent=123107"}],"wp:term":[{"taxonomy":"category","embeddable":true,"href":"https:\/\/iparaiba.com.br\/index.php\/wp-json\/wp\/v2\/categories?post=123107"},{"taxonomy":"post_tag","embeddable":true,"href":"https:\/\/iparaiba.com.br\/index.php\/wp-json\/wp\/v2\/tags?post=123107"}],"curies":[{"name":"wp","href":"https:\/\/api.w.org\/{rel}","templated":true}]}}