{"id":123089,"date":"2024-10-10T14:00:33","date_gmt":"2024-10-10T17:00:33","guid":{"rendered":"https:\/\/onordeste.com.br\/?p=123089"},"modified":"2024-10-10T14:00:33","modified_gmt":"2024-10-10T17:00:33","slug":"constituicao-e-justica-aprova-proposta-que-limita-decisao-monocratica-no-stf","status":"publish","type":"post","link":"https:\/\/iparaiba.com.br\/index.php\/2024\/10\/10\/constituicao-e-justica-aprova-proposta-que-limita-decisao-monocratica-no-stf\/","title":{"rendered":"Constitui\u00e7\u00e3o e Justi\u00e7a aprova proposta que limita decis\u00e3o monocr\u00e1tica no STF"},"content":{"rendered":"<p>A Comiss\u00e3o de Constitui\u00e7\u00e3o e Justi\u00e7a e de Cidadania (CCJ) da C\u00e2mara dos Deputados aprovou, nesta quarta-feira (9), a <span id=\"4373\" class=\"termoGlossario\" title=\"\" contenteditable=\"false\" data-toggle=\"tooltip\" data-placement=\"top\" data-original-title=\"Exame preliminar feito pela Comiss\u00e3o de Constitui\u00e7\u00e3o e Justi\u00e7a, no prazo de cinco sess\u00f5es do Plen\u00e1rio da C\u00e2mara, sobre aspectos de constitucionalidade, legalidade, regimentalidade e de t\u00e9cnica legislativa de uma proposta de emenda \u00e0 Constitui\u00e7\u00e3o (PEC). Se admitida, a PEC ser\u00e1 encaminhada a uma comiss\u00e3o especial para an\u00e1lise do m\u00e9rito da proposta. Em caso de inadmissibilidade, a PEC ser\u00e1 arquivada se n\u00e3o houver recurso.\">admissibilidade<\/span> da <a class=\"linkProposicao\" href=\"https:\/\/www.camara.leg.br\/noticias\/1090615-pec-limita-decisoes-individuais-em-tribunais-superiores\">Proposta de Emenda \u00e0 Constitui\u00e7\u00e3o (PEC) 8\/21<\/a>, que limita as decis\u00f5es monocr\u00e1ticas no Supremo Tribunal Federal (STF) e em outros tribunais superiores.<\/p>\n<p>Decis\u00e3o monocr\u00e1tica \u00e9 aquela proferida por apenas um magistrado \u2014 em contraposi\u00e7\u00e3o \u00e0 decis\u00e3o colegiada, que \u00e9 tomada por um conjunto de ministros (tribunais superiores) ou desembargadores (tribunais de segunda inst\u00e2ncia).<\/p>\n<p>Oriunda do Senado, a PEC 8\/21:<\/p>\n<ul>\n<li aria-level=\"1\">pro\u00edbe decis\u00f5es individuais que suspendam a efic\u00e1cia de leis ou atos dos presidentes dos poderes Executivo e Legislativo (C\u00e2mara e Senado);<\/li>\n<li aria-level=\"1\">permite decis\u00f5es individuais apenas para a suspens\u00e3o de efic\u00e1cia de lei durante o recesso do Judici\u00e1rio, em casos de grave urg\u00eancia ou risco de dano irrepar\u00e1vel, com prazo de 30 dias para o julgamento colegiado ap\u00f3s o fim do recesso;<\/li>\n<li aria-level=\"1\">determina o prazo de seis meses para o julgamento de a\u00e7\u00e3o que pe\u00e7a declara\u00e7\u00e3o de inconstitucionalidade de lei, ap\u00f3s o deferimento de medida cautelar &#8211; depois desse prazo, ela passar\u00e1 a ter prioridade na pauta do STF.<\/li>\n<\/ul>\n<p>A discuss\u00e3o da proposta j\u00e1 havia sido encerrada e nesta quarta foi feita apenas a vota\u00e7\u00e3o. O texto recebeu 39 votos a favor e 18 contra.<\/p>\n<p><strong>Cr\u00edticas de retalia\u00e7\u00f5es<\/strong><br \/>\nSegundo o deputado Rubens Pereira J\u00fanior (PT-MA), a proposta faz parte de um pacote de retalia\u00e7\u00e3o ao Supremo. \u201cPrimeiro, porque o Supremo foi indispens\u00e1vel na defesa da democracia e na lisura das elei\u00e7\u00f5es que transcorreram em 2022\u201d, afirmou o parlamentar.<\/p>\n<p>\u201cEsse projeto tem um segundo objetivo: tentar fazer uma press\u00e3o na Suprema Corte do Pa\u00eds para, de alguma forma, aliviar o julgamento dos criminosos que est\u00e3o sendo acertadamente condenados pelo Poder Judici\u00e1rio\u201d, criticou o deputado.<\/p>\n<p><strong>Defesa da democracia<\/strong><br \/>\nO relator da proposta, deputado Marcel van Hattem (Novo-RS), por outro lado, disse que o objetivo do projeto \u00e9 defender a democracia. \u201c\u00c9 uma revaloriza\u00e7\u00e3o deste Poder Legislativo e do mandato parlamentar. N\u00e3o \u00e9 razo\u00e1vel numa democracia que uma \u00fanica pessoa utilize-se do poder de uma caneta para desfazer a decis\u00e3o de todo um Congresso Nacional\u201d, criticou Van Hattem.<\/p>\n<p>A proposta ainda precisa ser analisada por uma <span id=\"4412\" class=\"termoGlossario\" title=\"\" contenteditable=\"false\" data-toggle=\"tooltip\" data-placement=\"top\" data-original-title=\"Comiss\u00e3o tempor\u00e1ria criada para analisar e votar proposta de emenda \u00e0 Constitui\u00e7\u00e3o (PEC), projeto de c\u00f3digo e propostas que envolvam mat\u00e9ria de compet\u00eancia de mais de quatro comiss\u00f5es de m\u00e9rito.\">comiss\u00e3o especial<\/span> e pelo Plen\u00e1rio da C\u00e2mara, em dois turnos de vota\u00e7\u00e3o.<\/p>\n<p>Ag\u00eancia C\u00e2mara de Not\u00edcias<\/p>\n","protected":false},"excerpt":{"rendered":"<p>A Comiss\u00e3o de Constitui\u00e7\u00e3o e Justi\u00e7a e de Cidadania (CCJ) da C\u00e2mara dos Deputados aprovou, nesta quarta-feira (9), a admissibilidade da Proposta de Emenda \u00e0 Constitui\u00e7\u00e3o (PEC) 8\/21, que limita as decis\u00f5es monocr\u00e1ticas no Supremo Tribunal Federal (STF) e em outros tribunais superiores. Decis\u00e3o monocr\u00e1tica \u00e9 aquela proferida por apenas um magistrado \u2014 em contraposi\u00e7\u00e3o &hellip;<\/p>\n","protected":false},"author":1,"featured_media":97519,"comment_status":"open","ping_status":"open","sticky":false,"template":"","format":"standard","meta":{"footnotes":""},"categories":[9],"tags":[],"class_list":["post-123089","post","type-post","status-publish","format-standard","has-post-thumbnail","hentry","category-justica"],"_links":{"self":[{"href":"https:\/\/iparaiba.com.br\/index.php\/wp-json\/wp\/v2\/posts\/123089","targetHints":{"allow":["GET"]}}],"collection":[{"href":"https:\/\/iparaiba.com.br\/index.php\/wp-json\/wp\/v2\/posts"}],"about":[{"href":"https:\/\/iparaiba.com.br\/index.php\/wp-json\/wp\/v2\/types\/post"}],"author":[{"embeddable":true,"href":"https:\/\/iparaiba.com.br\/index.php\/wp-json\/wp\/v2\/users\/1"}],"replies":[{"embeddable":true,"href":"https:\/\/iparaiba.com.br\/index.php\/wp-json\/wp\/v2\/comments?post=123089"}],"version-history":[{"count":1,"href":"https:\/\/iparaiba.com.br\/index.php\/wp-json\/wp\/v2\/posts\/123089\/revisions"}],"predecessor-version":[{"id":123120,"href":"https:\/\/iparaiba.com.br\/index.php\/wp-json\/wp\/v2\/posts\/123089\/revisions\/123120"}],"wp:featuredmedia":[{"embeddable":true,"href":"https:\/\/iparaiba.com.br\/index.php\/wp-json\/wp\/v2\/media\/97519"}],"wp:attachment":[{"href":"https:\/\/iparaiba.com.br\/index.php\/wp-json\/wp\/v2\/media?parent=123089"}],"wp:term":[{"taxonomy":"category","embeddable":true,"href":"https:\/\/iparaiba.com.br\/index.php\/wp-json\/wp\/v2\/categories?post=123089"},{"taxonomy":"post_tag","embeddable":true,"href":"https:\/\/iparaiba.com.br\/index.php\/wp-json\/wp\/v2\/tags?post=123089"}],"curies":[{"name":"wp","href":"https:\/\/api.w.org\/{rel}","templated":true}]}}