{"id":123060,"date":"2024-09-27T15:12:09","date_gmt":"2024-09-27T18:12:09","guid":{"rendered":"https:\/\/onordeste.com.br\/?p=123000"},"modified":"2024-09-27T15:12:09","modified_gmt":"2024-09-27T18:12:09","slug":"ministerio-das-cidades-recebe-sugestoes-sobre-mudanca-climatica","status":"publish","type":"post","link":"https:\/\/iparaiba.com.br\/index.php\/2024\/09\/27\/ministerio-das-cidades-recebe-sugestoes-sobre-mudanca-climatica\/","title":{"rendered":"Minist\u00e9rio das Cidades recebe sugest\u00f5es sobre mudan\u00e7a clim\u00e1tica"},"content":{"rendered":"<p>O Minist\u00e9rio das Cidades, por meio da Secretaria Nacional de Desenvolvimento Urbano e Metropolitano, receber\u00e1 contribui\u00e7\u00f5es da sociedade sobre mudan\u00e7as clim\u00e1ticas at\u00e9 o dia 11 de outubro pelo\u00a0<a href=\"https:\/\/www.redus.org.br\/plano-clima-adaptacao-cidades\/formularios\/d584ff30-e600-426d-a5e7-7ed0c9b37c06\">formul\u00e1rio<\/a>\u00a0dispon\u00edvel na p\u00e1gina da Rede para Desenvolvimento urbano Sustent\u00e1vel (ReDUS).<\/p>\n<p>As ideias recebidas v\u00e3o compor a elabora\u00e7\u00e3o do Plano Clima Adapta\u00e7\u00e3o \u2013 Cidade, documento que guiar\u00e1 as pol\u00edticas de adapta\u00e7\u00e3o clim\u00e1tica das cidades brasileiras at\u00e9 2035. A participa\u00e7\u00e3o popular auxiliar\u00e1 o minist\u00e9rio a conhecer as principais demandas das cidades e ajudar\u00e1 a san\u00e1-las em meio ao impacto das mudan\u00e7as clim\u00e1ticas.<img decoding=\"async\" src=\"https:\/\/agenciabrasil.ebc.com.br\/ebc.png?id=1613720&amp;o=node\" \/><img decoding=\"async\" src=\"https:\/\/agenciabrasil.ebc.com.br\/ebc.gif?id=1613720&amp;o=node\" \/><\/p>\n<p>Os interessados devem responder a perguntas abertas e de m\u00faltipla escolha. A participa\u00e7\u00e3o leva cerca de 15 minutos para ser conclu\u00edda.<\/p>\n<p>As\u00a0 contribui\u00e7\u00f5es ser\u00e3o compiladas, analisadas e selecionadas pelo Grupo de Trabalho Cidades Adapta\u00e7\u00e3o e as melhores sugest\u00f5es ser\u00e3o inclu\u00eddas no\u00a0 Plano Clima Adapta\u00e7\u00e3o \u2013 Cidades. N\u00e3o haver\u00e1 men\u00e7\u00e3o \u00e0 autoria.<\/p>\n<p>Esta \u00e9 a segunda rodada de contribui\u00e7\u00f5es sobre o tema. A primeira foi realizada entre 19 de junho e 5 de agosto com o objetivo de mapear riscos e impactos clim\u00e1ticos para os munic\u00edpios brasileiros.<\/p>\n<p>Ag\u00eancia Brasil<\/p>\n","protected":false},"excerpt":{"rendered":"<p>O Minist\u00e9rio das Cidades, por meio da Secretaria Nacional de Desenvolvimento Urbano e Metropolitano, receber\u00e1 contribui\u00e7\u00f5es da sociedade sobre mudan\u00e7as clim\u00e1ticas at\u00e9 o dia 11 de outubro pelo\u00a0formul\u00e1rio\u00a0dispon\u00edvel na p\u00e1gina da Rede para Desenvolvimento urbano Sustent\u00e1vel (ReDUS). As ideias recebidas v\u00e3o compor a elabora\u00e7\u00e3o do Plano Clima Adapta\u00e7\u00e3o \u2013 Cidade, documento que guiar\u00e1 as pol\u00edticas &hellip;<\/p>\n","protected":false},"author":1,"featured_media":119004,"comment_status":"open","ping_status":"open","sticky":false,"template":"","format":"standard","meta":{"footnotes":""},"categories":[3],"tags":[],"class_list":["post-123060","post","type-post","status-publish","format-standard","has-post-thumbnail","hentry","category-nordeste"],"_links":{"self":[{"href":"https:\/\/iparaiba.com.br\/index.php\/wp-json\/wp\/v2\/posts\/123060","targetHints":{"allow":["GET"]}}],"collection":[{"href":"https:\/\/iparaiba.com.br\/index.php\/wp-json\/wp\/v2\/posts"}],"about":[{"href":"https:\/\/iparaiba.com.br\/index.php\/wp-json\/wp\/v2\/types\/post"}],"author":[{"embeddable":true,"href":"https:\/\/iparaiba.com.br\/index.php\/wp-json\/wp\/v2\/users\/1"}],"replies":[{"embeddable":true,"href":"https:\/\/iparaiba.com.br\/index.php\/wp-json\/wp\/v2\/comments?post=123060"}],"version-history":[{"count":0,"href":"https:\/\/iparaiba.com.br\/index.php\/wp-json\/wp\/v2\/posts\/123060\/revisions"}],"wp:featuredmedia":[{"embeddable":true,"href":"https:\/\/iparaiba.com.br\/index.php\/wp-json\/wp\/v2\/media\/119004"}],"wp:attachment":[{"href":"https:\/\/iparaiba.com.br\/index.php\/wp-json\/wp\/v2\/media?parent=123060"}],"wp:term":[{"taxonomy":"category","embeddable":true,"href":"https:\/\/iparaiba.com.br\/index.php\/wp-json\/wp\/v2\/categories?post=123060"},{"taxonomy":"post_tag","embeddable":true,"href":"https:\/\/iparaiba.com.br\/index.php\/wp-json\/wp\/v2\/tags?post=123060"}],"curies":[{"name":"wp","href":"https:\/\/api.w.org\/{rel}","templated":true}]}}