{"id":123059,"date":"2024-09-27T15:11:01","date_gmt":"2024-09-27T18:11:01","guid":{"rendered":"https:\/\/onordeste.com.br\/?p=122998"},"modified":"2024-09-27T15:11:01","modified_gmt":"2024-09-27T18:11:01","slug":"governo-cria-gt-para-evitar-uso-do-bolsa-familia-com-apostas-online","status":"publish","type":"post","link":"https:\/\/iparaiba.com.br\/index.php\/2024\/09\/27\/governo-cria-gt-para-evitar-uso-do-bolsa-familia-com-apostas-online\/","title":{"rendered":"Governo cria GT para evitar uso do Bolsa Fam\u00edlia com apostas online"},"content":{"rendered":"<p>O Minist\u00e9rio do Desenvolvimento e Assist\u00eancia Social, Fam\u00edlia e Combate \u00e0 Fome (MDS) anunciou nesta sexta-feira (27) a cria\u00e7\u00e3o de um Grupo de Trabalho para analisar o uso de recursos do cart\u00e3o Bolsa Fam\u00edlia com apostas online (bets).<img decoding=\"async\" src=\"https:\/\/agenciabrasil.ebc.com.br\/ebc.png?id=1613717&amp;o=node\" \/><img decoding=\"async\" src=\"https:\/\/agenciabrasil.ebc.com.br\/ebc.gif?id=1613717&amp;o=node\" \/><\/p>\n<p>O grupo vai funcionar em parceria com a Rede Federal de Fiscaliza\u00e7\u00e3o do Bolsa Fam\u00edlia e Cadastro \u00danico com objetivo de apresentar uma proposta, at\u00e9 o dia 2 de outubro, de restri\u00e7\u00e3o ao desvirtuamento do prop\u00f3sito do programa. Minist\u00e9rio da Fazenda, Minist\u00e9rio da Sa\u00fade e Casa Civil tamb\u00e9m v\u00e3o trabalhar na a\u00e7\u00e3o de forma integrada.<\/p>\n<p><a href=\"https:\/\/www.gov.br\/mds\/pt-br\/noticias-e-conteudos\/desenvolvimento-social\/noticias-desenvolvimento-social\/mds-cria-gt-para-evitar-uso-do-cartao-bolsa-familia-com-apostas-online-bets\" target=\"_blank\" rel=\"noopener\">Em nota<\/a>, o MDS reiterou que os programas sociais de transfer\u00eancias de renda foram criados para garantir a seguran\u00e7a alimentar e atender \u00e0s necessidades b\u00e1sicas das fam\u00edlias, das pessoas em situa\u00e7\u00e3o de vulnerabilidade.<\/p>\n<p>&#8220;A prioridade sempre ser\u00e1 combater a fome e promover a dignidade para quem mais precisa&#8221;, destacou o minist\u00e9rio. &#8220;O foco do MDS permanece firme em garantir que o Bolsa Fam\u00edlia continue sendo um instrumento eficaz de combate \u00e0 pobreza e \u00e0 inseguran\u00e7a alimentar.&#8221;<\/p>\n<h2>Banco Central<\/h2>\n<p><a href=\"https:\/\/agenciabrasil.ebc.com.br\/economia\/noticia\/2024-09\/beneficiarios-do-bolsa-familia-gastaram-r-3-bi-em-bets-em-agosto\" target=\"_blank\" rel=\"noopener\">Nota t\u00e9cnica elaborada pelo Banco Central (BC) e divulgada na \u00faltima ter\u00e7a-feira (24)\u00a0<\/a>mostrou que os benefici\u00e1rios do Bolsa Fam\u00edlia gastaram R$ 3 bilh\u00f5es em bets (empresas de apostas eletr\u00f4nicas) via Pix em agosto.<\/p>\n<p>O levantamento foi feito a pedido do senador Omar Aziz (PSD-AM), que pretende pedir \u00e0 Procuradoria-Geral da Rep\u00fablica (PGR) a\u00e7\u00f5es judiciais para retirar do ar as p\u00e1ginas das casas de apostas na internet at\u00e9 que elas sejam regulamentadas pelo governo federal.<\/p>\n<p>Segundo a an\u00e1lise t\u00e9cnica do BC, cerca de 5 milh\u00f5es de benefici\u00e1rios de um total aproximado\u00a0de 20 milh\u00f5es fizeram apostas via Pix. O gasto m\u00e9dio ficou em R$ 100. Dos 5 milh\u00f5es de apostadores, 70% s\u00e3o chefes de fam\u00edlia e enviaram, apenas em agosto, R$ 2 bilh\u00f5es \u00e0s bets (67% do total de R$ 3 bilh\u00f5es).<\/p>\n<p>O relat\u00f3rio inclui tanto as apostas em eventos esportivos como jogos em cassinos virtuais.<\/p>\n<h2>Seguran\u00e7a alimentar<\/h2>\n<p>O ministro do Desenvolvimento e Assist\u00eancia Social, Fam\u00edlia e Combate \u00e0 Fome, Wellington Dias, se manifestou sobre o levantamento do Banco Central na quarta-feira (25)<a href=\"https:\/\/agenciabrasil.ebc.com.br\/economia\/noticia\/2024-09\/dinheiro-do-bolsa-familia-nao-e-para-apostas-diz-wellington-dias\" target=\"_blank\" rel=\"noopener\">. Ele lembrou que os programas sociais de transfer\u00eancia\u00a0de renda foram criados para garantir a seguran\u00e7a alimentar\u00a0<\/a>e atender \u00e0s necessidades b\u00e1sicas das fam\u00edlias em situa\u00e7\u00e3o de vulnerabilidade.<\/p>\n<p>&#8220;A prioridade sempre ser\u00e1 combater a fome e promover a dignidade para quem mais precisa&#8221;, destacou o ministro, em nota.<\/p>\n","protected":false},"excerpt":{"rendered":"<p>O Minist\u00e9rio do Desenvolvimento e Assist\u00eancia Social, Fam\u00edlia e Combate \u00e0 Fome (MDS) anunciou nesta sexta-feira (27) a cria\u00e7\u00e3o de um Grupo de Trabalho para analisar o uso de recursos do cart\u00e3o Bolsa Fam\u00edlia com apostas online (bets). O grupo vai funcionar em parceria com a Rede Federal de Fiscaliza\u00e7\u00e3o do Bolsa Fam\u00edlia e Cadastro &hellip;<\/p>\n","protected":false},"author":1,"featured_media":97624,"comment_status":"open","ping_status":"open","sticky":false,"template":"","format":"standard","meta":{"footnotes":""},"categories":[18],"tags":[],"class_list":["post-123059","post","type-post","status-publish","format-standard","has-post-thumbnail","hentry","category-brasil"],"_links":{"self":[{"href":"https:\/\/iparaiba.com.br\/index.php\/wp-json\/wp\/v2\/posts\/123059","targetHints":{"allow":["GET"]}}],"collection":[{"href":"https:\/\/iparaiba.com.br\/index.php\/wp-json\/wp\/v2\/posts"}],"about":[{"href":"https:\/\/iparaiba.com.br\/index.php\/wp-json\/wp\/v2\/types\/post"}],"author":[{"embeddable":true,"href":"https:\/\/iparaiba.com.br\/index.php\/wp-json\/wp\/v2\/users\/1"}],"replies":[{"embeddable":true,"href":"https:\/\/iparaiba.com.br\/index.php\/wp-json\/wp\/v2\/comments?post=123059"}],"version-history":[{"count":0,"href":"https:\/\/iparaiba.com.br\/index.php\/wp-json\/wp\/v2\/posts\/123059\/revisions"}],"wp:featuredmedia":[{"embeddable":true,"href":"https:\/\/iparaiba.com.br\/index.php\/wp-json\/wp\/v2\/media\/97624"}],"wp:attachment":[{"href":"https:\/\/iparaiba.com.br\/index.php\/wp-json\/wp\/v2\/media?parent=123059"}],"wp:term":[{"taxonomy":"category","embeddable":true,"href":"https:\/\/iparaiba.com.br\/index.php\/wp-json\/wp\/v2\/categories?post=123059"},{"taxonomy":"post_tag","embeddable":true,"href":"https:\/\/iparaiba.com.br\/index.php\/wp-json\/wp\/v2\/tags?post=123059"}],"curies":[{"name":"wp","href":"https:\/\/api.w.org\/{rel}","templated":true}]}}