{"id":123058,"date":"2024-10-01T18:13:38","date_gmt":"2024-10-01T21:13:38","guid":{"rendered":"https:\/\/onordeste.com.br\/?p=123058"},"modified":"2024-10-01T18:13:38","modified_gmt":"2024-10-01T21:13:38","slug":"expofeira-2024-movimenta-r-28-milhoes-em-negocios-e-atrai-publico-de-320-mil-pessoas","status":"publish","type":"post","link":"https:\/\/iparaiba.com.br\/index.php\/2024\/10\/01\/expofeira-2024-movimenta-r-28-milhoes-em-negocios-e-atrai-publico-de-320-mil-pessoas\/","title":{"rendered":"Expofeira 2024 movimenta R$ 28 milh\u00f5es em neg\u00f3cios e atrai p\u00fablico de 320 mil pessoas"},"content":{"rendered":"<p>A Secretaria de Desenvolvimento da Agropecu\u00e1ria e Pesca do Estado (Sedap) divulgou o balan\u00e7o final da Expofeira Para\u00edba Agroneg\u00f3cio 2024, realizada de 15 a 22 de setembro no Parque de Exposi\u00e7\u00f5es Henrique Vieira de Melo, em Jo\u00e3o Pessoa. Em oito dias, o evento atraiu um p\u00fablico de mais de 320 mil pessoas e movimentou R$ 28 milh\u00f5es em neg\u00f3cios, segundo informa\u00e7\u00f5es do secret\u00e1rio da Sedap, Joaquim Hugo.<\/p>\n<p>A expofeira foi realizada pelo Governo da Para\u00edba, em parceria com a Federa\u00e7\u00e3o da Agricultura e Pecu\u00e1ria da Para\u00edba (Faepa), o Servi\u00e7o Nacional de Aprendizagem Rural da Para\u00edba (Senar\/PB), o Sebrae-PB, Organiza\u00e7\u00e3o das Cooperativas Brasileiras \u00a0(OCB) e a Associa\u00e7\u00e3o Paraibana de Criadores de Caprinos e Ovinos (APACCO).<\/p>\n<p>O secret\u00e1rio Joaquim Hugo informou que os R$ 28 milh\u00f5es movimentados ao longo dos oito dias da Expofeira foram decorrentes da negocia\u00e7\u00e3o (compra\/venda) de animais e de produtos e implementos agr\u00edcolas, como maquin\u00e1rios. Joaquim Hugo disse que esse montante tamb\u00e9m contabiliza a movimenta\u00e7\u00e3o nos bares e restaurantes que funcionaram no Parque de Exposi\u00e7\u00e3o, durante todo a Expofeira.<\/p>\n","protected":false},"excerpt":{"rendered":"<p>A Secretaria de Desenvolvimento da Agropecu\u00e1ria e Pesca do Estado (Sedap) divulgou o balan\u00e7o final da Expofeira Para\u00edba Agroneg\u00f3cio 2024, realizada de 15 a 22 de setembro no Parque de Exposi\u00e7\u00f5es Henrique Vieira de Melo, em Jo\u00e3o Pessoa. Em oito dias, o evento atraiu um p\u00fablico de mais de 320 mil pessoas e movimentou R$ &hellip;<\/p>\n","protected":false},"author":1,"featured_media":112760,"comment_status":"open","ping_status":"open","sticky":false,"template":"","format":"standard","meta":{"footnotes":""},"categories":[15],"tags":[],"class_list":["post-123058","post","type-post","status-publish","format-standard","has-post-thumbnail","hentry","category-links"],"_links":{"self":[{"href":"https:\/\/iparaiba.com.br\/index.php\/wp-json\/wp\/v2\/posts\/123058","targetHints":{"allow":["GET"]}}],"collection":[{"href":"https:\/\/iparaiba.com.br\/index.php\/wp-json\/wp\/v2\/posts"}],"about":[{"href":"https:\/\/iparaiba.com.br\/index.php\/wp-json\/wp\/v2\/types\/post"}],"author":[{"embeddable":true,"href":"https:\/\/iparaiba.com.br\/index.php\/wp-json\/wp\/v2\/users\/1"}],"replies":[{"embeddable":true,"href":"https:\/\/iparaiba.com.br\/index.php\/wp-json\/wp\/v2\/comments?post=123058"}],"version-history":[{"count":1,"href":"https:\/\/iparaiba.com.br\/index.php\/wp-json\/wp\/v2\/posts\/123058\/revisions"}],"predecessor-version":[{"id":123071,"href":"https:\/\/iparaiba.com.br\/index.php\/wp-json\/wp\/v2\/posts\/123058\/revisions\/123071"}],"wp:featuredmedia":[{"embeddable":true,"href":"https:\/\/iparaiba.com.br\/index.php\/wp-json\/wp\/v2\/media\/112760"}],"wp:attachment":[{"href":"https:\/\/iparaiba.com.br\/index.php\/wp-json\/wp\/v2\/media?parent=123058"}],"wp:term":[{"taxonomy":"category","embeddable":true,"href":"https:\/\/iparaiba.com.br\/index.php\/wp-json\/wp\/v2\/categories?post=123058"},{"taxonomy":"post_tag","embeddable":true,"href":"https:\/\/iparaiba.com.br\/index.php\/wp-json\/wp\/v2\/tags?post=123058"}],"curies":[{"name":"wp","href":"https:\/\/api.w.org\/{rel}","templated":true}]}}