{"id":123054,"date":"2024-10-01T14:10:32","date_gmt":"2024-10-01T17:10:32","guid":{"rendered":"https:\/\/onordeste.com.br\/?p=123054"},"modified":"2024-10-01T14:10:32","modified_gmt":"2024-10-01T17:10:32","slug":"operacao-da-pm-apreende-19-armas-de-fogo","status":"publish","type":"post","link":"https:\/\/iparaiba.com.br\/index.php\/2024\/10\/01\/operacao-da-pm-apreende-19-armas-de-fogo\/","title":{"rendered":"Opera\u00e7\u00e3o da PM apreende 19 armas de fogo"},"content":{"rendered":"<p>Dezenove armas de fogo e mais de 250 por\u00e7\u00f5es de drogas foram apreendidas pela Pol\u00edcia Militar nos dois dias da 7a edi\u00e7\u00e3o da Opera\u00e7\u00e3o For\u00e7a Total, realizada nesta \u00faltima quinta e sexta-feira (27) na Para\u00edba. O n\u00famero faz parte do balan\u00e7o final, divulgado na manh\u00e3 deste s\u00e1bado (28), que analisou as ocorr\u00eancias no per\u00edodo.<\/p>\n<p>A Opera\u00e7\u00e3o For\u00e7a Total aconteceu com a\u00e7\u00f5es simult\u00e2neas de todas as Pol\u00edcias Militares do pa\u00eds, com refor\u00e7o da preven\u00e7\u00e3o aos delitos, e outros a\u00e7\u00f5es na seguran\u00e7a p\u00fablica. A iniciativa da opera\u00e7\u00e3o \u00e9 do Conselho Nacional de Comandante Gerais das Pol\u00edcias Militares. Na Para\u00edba, o pr\u00f3prio comandante-geral da PM, o coronel S\u00e9rgio Fonseca, atuou nas ruas na zona sul de Jo\u00e3o Pessoa na noite de quinta-feira, apreendo drogas com a Forca T\u00e1tica do 5\u00b0 Batalh\u00e3o e apoio da Companhia de Policiamento Com C\u00e3es (CPC\u00e3es).<\/p>\n<p>Al\u00e9m das armas, das 259 por\u00e7\u00f5es e mais um quilo de droga apreendida, 10 mandados de pris\u00e3o foram cumpridos. Entre os foragidos presos estavam acusados de homic\u00eddio e crimes patrimoniais. Ao todo, 59 pessoas, entre adultos e adolescentes, foram conduzidas para as delegacias sendo apontados como autores de crimes ou atos infracionais.<\/p>\n<p>Ainda no \u00e2mbito da opera\u00e7\u00e3o, a PM recuperou 13 ve\u00edculos que haviam sido roubados ou furtados, e realizou quase 250 checkpoints com atua\u00e7\u00e3o preventiva no tr\u00e2nsito. A\u00e7\u00f5es da PM aconteceram em 197 cidades, atrav\u00e9s de 436 atendimentos de ocorr\u00eancias registradas pelo n\u00famero 190.<\/p>\n","protected":false},"excerpt":{"rendered":"<p>Dezenove armas de fogo e mais de 250 por\u00e7\u00f5es de drogas foram apreendidas pela Pol\u00edcia Militar nos dois dias da 7a edi\u00e7\u00e3o da Opera\u00e7\u00e3o For\u00e7a Total, realizada nesta \u00faltima quinta e sexta-feira (27) na Para\u00edba. O n\u00famero faz parte do balan\u00e7o final, divulgado na manh\u00e3 deste s\u00e1bado (28), que analisou as ocorr\u00eancias no per\u00edodo. A &hellip;<\/p>\n","protected":false},"author":1,"featured_media":119151,"comment_status":"open","ping_status":"open","sticky":false,"template":"","format":"standard","meta":{"footnotes":""},"categories":[13],"tags":[],"class_list":["post-123054","post","type-post","status-publish","format-standard","has-post-thumbnail","hentry","category-policial"],"_links":{"self":[{"href":"https:\/\/iparaiba.com.br\/index.php\/wp-json\/wp\/v2\/posts\/123054","targetHints":{"allow":["GET"]}}],"collection":[{"href":"https:\/\/iparaiba.com.br\/index.php\/wp-json\/wp\/v2\/posts"}],"about":[{"href":"https:\/\/iparaiba.com.br\/index.php\/wp-json\/wp\/v2\/types\/post"}],"author":[{"embeddable":true,"href":"https:\/\/iparaiba.com.br\/index.php\/wp-json\/wp\/v2\/users\/1"}],"replies":[{"embeddable":true,"href":"https:\/\/iparaiba.com.br\/index.php\/wp-json\/wp\/v2\/comments?post=123054"}],"version-history":[{"count":1,"href":"https:\/\/iparaiba.com.br\/index.php\/wp-json\/wp\/v2\/posts\/123054\/revisions"}],"predecessor-version":[{"id":123069,"href":"https:\/\/iparaiba.com.br\/index.php\/wp-json\/wp\/v2\/posts\/123054\/revisions\/123069"}],"wp:featuredmedia":[{"embeddable":true,"href":"https:\/\/iparaiba.com.br\/index.php\/wp-json\/wp\/v2\/media\/119151"}],"wp:attachment":[{"href":"https:\/\/iparaiba.com.br\/index.php\/wp-json\/wp\/v2\/media?parent=123054"}],"wp:term":[{"taxonomy":"category","embeddable":true,"href":"https:\/\/iparaiba.com.br\/index.php\/wp-json\/wp\/v2\/categories?post=123054"},{"taxonomy":"post_tag","embeddable":true,"href":"https:\/\/iparaiba.com.br\/index.php\/wp-json\/wp\/v2\/tags?post=123054"}],"curies":[{"name":"wp","href":"https:\/\/api.w.org\/{rel}","templated":true}]}}