{"id":123047,"date":"2024-10-01T08:04:15","date_gmt":"2024-10-01T11:04:15","guid":{"rendered":"https:\/\/onordeste.com.br\/?p=123047"},"modified":"2024-10-01T08:04:15","modified_gmt":"2024-10-01T11:04:15","slug":"economia-com-horario-de-verao-pode-chegar-a-r-400-milhoes","status":"publish","type":"post","link":"https:\/\/iparaiba.com.br\/index.php\/2024\/10\/01\/economia-com-horario-de-verao-pode-chegar-a-r-400-milhoes\/","title":{"rendered":"Economia com hor\u00e1rio de ver\u00e3o pode chegar a R$ 400 milh\u00f5es"},"content":{"rendered":"<p>A ado\u00e7\u00e3o do hor\u00e1rio de ver\u00e3o pode resultar em uma diminui\u00e7\u00e3o at\u00e9 2,9% da demanda m\u00e1xima de energia el\u00e9trica, e em uma economia pr\u00f3xima a R$ 400 milh\u00f5es para a opera\u00e7\u00e3o do Sistema Interligado Nacional (SIN) apenas entre os meses de outubro e fevereiro. A estimativa consta de uma nota t\u00e9cnica divulgada pelo Operador Nacional do Sistema El\u00e9trico (ONS).<img decoding=\"async\" src=\"https:\/\/agenciabrasil.ebc.com.br\/ebc.png?id=1613472&amp;o=node\" \/><img decoding=\"async\" src=\"https:\/\/agenciabrasil.ebc.com.br\/ebc.gif?id=1613472&amp;o=node\" \/><\/p>\n<div class=\"dnd-widget-wrapper context-medio_4colunas type-image atom-align-left\">\n<div class=\"dnd-atom-rendered\">Segundo o estudo, a altera\u00e7\u00e3o no hor\u00e1rio brasileiro durante o ver\u00e3o resultaria em uma \u201credu\u00e7\u00e3o de custo de combust\u00edvel termoel\u00e9trico, para o horizonte de outubro\/2024 a fevereiro\/2025, de R$ 356 milh\u00f5es no pior cen\u00e1rio hidrol\u00f3gico e R$ 244 milh\u00f5es no melhor cen\u00e1rio hidrol\u00f3gico\u201d, detalha o documento.<\/div>\n<\/div>\n<p>\u201cEm termos de contrata\u00e7\u00e3o de reserva de capacidade, tomando por base os resultados do Leil\u00e3o de Reserva de Capacidade de 2021, a economia anual, em termos de pagamento de receita fixa aos empreendimentos vencedores do leil\u00e3o, foi cerca de R$ 1,8 bilh\u00e3o por ano\u201d, acrescentou.<\/p>\n<h2>Hor\u00e1rio de pico<\/h2>\n<p>Al\u00e9m disso, resultaria em maior efici\u00eancia do SIN no atendimento aos hor\u00e1rios de maior consumo, em especial entre 18h e 20h. \u201c\u00c9 nesse per\u00edodo que o sistema precisa lidar com os desafios da sa\u00edda da gera\u00e7\u00e3o solar centralizada e da micro e mini gera\u00e7\u00e3o distribu\u00edda e do aumento da demanda por energia\u201d, diz a nota t\u00e9cnica ao explicar que dados hist\u00f3ricos mostram que o impacto positivo \u00e9 especialmente percebido nos subsistemas Sudeste\/Centro-Oeste e Sul, al\u00e9m do SIN.<\/p>\n<p>\u201cA pr\u00e1tica se demonstra eficaz em amenizar o crescimento da carga entre as 18hs e 19hs, hor\u00e1rios cr\u00edticos do sistema. No entanto, ap\u00f3s as 20hs, o crescimento \u00e9 retomado, alongando assim o processo de rampeamento\u201d, complementou.<\/p>\n<p>O ONS pondera que, ao avaliar o impacto da pr\u00e1tica no consumo de energia, verificou-se que o impacto em alguns hor\u00e1rios do dia \u00e9 ineficaz no sentido de reduzir a carga m\u00e9dia di\u00e1ria. No entanto, verificou-se tamb\u00e9m \u201credu\u00e7\u00f5es significativas em dias \u00fateis, s\u00e1bados e domingos, sob diversas condi\u00e7\u00f5es de temperatura\u201d nos momentos de demanda m\u00e1xima noturna.<\/p>\n<p>Ag\u00eancia Brasil<\/p>\n","protected":false},"excerpt":{"rendered":"<p>A ado\u00e7\u00e3o do hor\u00e1rio de ver\u00e3o pode resultar em uma diminui\u00e7\u00e3o at\u00e9 2,9% da demanda m\u00e1xima de energia el\u00e9trica, e em uma economia pr\u00f3xima a R$ 400 milh\u00f5es para a opera\u00e7\u00e3o do Sistema Interligado Nacional (SIN) apenas entre os meses de outubro e fevereiro. A estimativa consta de uma nota t\u00e9cnica divulgada pelo Operador Nacional &hellip;<\/p>\n","protected":false},"author":1,"featured_media":97452,"comment_status":"open","ping_status":"open","sticky":false,"template":"","format":"standard","meta":{"footnotes":""},"categories":[18],"tags":[],"class_list":["post-123047","post","type-post","status-publish","format-standard","has-post-thumbnail","hentry","category-brasil"],"_links":{"self":[{"href":"https:\/\/iparaiba.com.br\/index.php\/wp-json\/wp\/v2\/posts\/123047","targetHints":{"allow":["GET"]}}],"collection":[{"href":"https:\/\/iparaiba.com.br\/index.php\/wp-json\/wp\/v2\/posts"}],"about":[{"href":"https:\/\/iparaiba.com.br\/index.php\/wp-json\/wp\/v2\/types\/post"}],"author":[{"embeddable":true,"href":"https:\/\/iparaiba.com.br\/index.php\/wp-json\/wp\/v2\/users\/1"}],"replies":[{"embeddable":true,"href":"https:\/\/iparaiba.com.br\/index.php\/wp-json\/wp\/v2\/comments?post=123047"}],"version-history":[{"count":1,"href":"https:\/\/iparaiba.com.br\/index.php\/wp-json\/wp\/v2\/posts\/123047\/revisions"}],"predecessor-version":[{"id":123066,"href":"https:\/\/iparaiba.com.br\/index.php\/wp-json\/wp\/v2\/posts\/123047\/revisions\/123066"}],"wp:featuredmedia":[{"embeddable":true,"href":"https:\/\/iparaiba.com.br\/index.php\/wp-json\/wp\/v2\/media\/97452"}],"wp:attachment":[{"href":"https:\/\/iparaiba.com.br\/index.php\/wp-json\/wp\/v2\/media?parent=123047"}],"wp:term":[{"taxonomy":"category","embeddable":true,"href":"https:\/\/iparaiba.com.br\/index.php\/wp-json\/wp\/v2\/categories?post=123047"},{"taxonomy":"post_tag","embeddable":true,"href":"https:\/\/iparaiba.com.br\/index.php\/wp-json\/wp\/v2\/tags?post=123047"}],"curies":[{"name":"wp","href":"https:\/\/api.w.org\/{rel}","templated":true}]}}