{"id":123042,"date":"2024-09-30T18:01:24","date_gmt":"2024-09-30T21:01:24","guid":{"rendered":"https:\/\/onordeste.com.br\/?p=123042"},"modified":"2024-09-30T18:01:24","modified_gmt":"2024-09-30T21:01:24","slug":"la-nina-deve-ter-intensidade-fraca-este-ano-diz-climatologista","status":"publish","type":"post","link":"https:\/\/iparaiba.com.br\/index.php\/2024\/09\/30\/la-nina-deve-ter-intensidade-fraca-este-ano-diz-climatologista\/","title":{"rendered":"La Ni\u00f1a deve ter intensidade fraca este ano, diz climatologista"},"content":{"rendered":"<p>O fen\u00f4meno La Ni\u00f1a, se as tend\u00eancias dos modelos de previs\u00e3o estiverem corretas, provavelmente ser\u00e1 fraco e talvez n\u00e3o se sinta os efeitos costumeiros, segundo\u00a0a climatologista Francis Lacerda, do Instituto Agron\u00f4mico de Pernambuco, em entrevista ao programa<em>\u00a0Natureza Viva<\/em>, da\u00a0<strong>R\u00e1dio Nacional da Amaz\u00f4nia<\/strong>.<img decoding=\"async\" src=\"https:\/\/agenciabrasil.ebc.com.br\/ebc.png?id=1613932&amp;o=node\" \/><img decoding=\"async\" src=\"https:\/\/agenciabrasil.ebc.com.br\/ebc.gif?id=1613932&amp;o=node\" \/><\/p>\n<p>O La Ni\u00f1a \u00e9 marcado pelo resfriamento anormal das \u00e1guas do Oceano Pac\u00edfico.<\/p>\n<p>De acordo com Francis, o La Ni\u00f1a provoca\u00a0chuva no Nordeste do Brasil, e gera seca na Regi\u00e3o Sul, em boa parte do Centro-Oeste e no Sudeste.<\/p>\n<p>A climatologista explica que o fen\u00f4meno iniciou h\u00e1 dois meses o processo de resfriamento, por\u00e9m em velocidade mais lenta que o habitual.<\/p>\n<p>\u201cO\u00a0que a gente tem observado e os modelos de previs\u00e3o do mundo inteiro indicam \u00e9 que o La Ni\u00f1a este ano est\u00e1 atrasado, j\u00e1 era para estar um pouco mais avan\u00e7ado no tempo e a previs\u00e3o \u00e9 que seja uma La Ni\u00f1a fraca\u201d, disse.<\/p>\n<p>De acordo com Instituto Nacional de Meteorologia (Inmet), a probabilidade do La Ni\u00f1a\u00a0nos meses de\u00a0outubro-novembro-dezembro aumenta para 60%.<\/p>\n<p>Ag\u00eancia Brasil<\/p>\n","protected":false},"excerpt":{"rendered":"<p>O fen\u00f4meno La Ni\u00f1a, se as tend\u00eancias dos modelos de previs\u00e3o estiverem corretas, provavelmente ser\u00e1 fraco e talvez n\u00e3o se sinta os efeitos costumeiros, segundo\u00a0a climatologista Francis Lacerda, do Instituto Agron\u00f4mico de Pernambuco, em entrevista ao programa\u00a0Natureza Viva, da\u00a0R\u00e1dio Nacional da Amaz\u00f4nia. O La Ni\u00f1a \u00e9 marcado pelo resfriamento anormal das \u00e1guas do Oceano Pac\u00edfico. &hellip;<\/p>\n","protected":false},"author":1,"featured_media":116670,"comment_status":"open","ping_status":"open","sticky":false,"template":"","format":"standard","meta":{"footnotes":""},"categories":[18],"tags":[],"class_list":["post-123042","post","type-post","status-publish","format-standard","has-post-thumbnail","hentry","category-brasil"],"_links":{"self":[{"href":"https:\/\/iparaiba.com.br\/index.php\/wp-json\/wp\/v2\/posts\/123042","targetHints":{"allow":["GET"]}}],"collection":[{"href":"https:\/\/iparaiba.com.br\/index.php\/wp-json\/wp\/v2\/posts"}],"about":[{"href":"https:\/\/iparaiba.com.br\/index.php\/wp-json\/wp\/v2\/types\/post"}],"author":[{"embeddable":true,"href":"https:\/\/iparaiba.com.br\/index.php\/wp-json\/wp\/v2\/users\/1"}],"replies":[{"embeddable":true,"href":"https:\/\/iparaiba.com.br\/index.php\/wp-json\/wp\/v2\/comments?post=123042"}],"version-history":[{"count":1,"href":"https:\/\/iparaiba.com.br\/index.php\/wp-json\/wp\/v2\/posts\/123042\/revisions"}],"predecessor-version":[{"id":123064,"href":"https:\/\/iparaiba.com.br\/index.php\/wp-json\/wp\/v2\/posts\/123042\/revisions\/123064"}],"wp:featuredmedia":[{"embeddable":true,"href":"https:\/\/iparaiba.com.br\/index.php\/wp-json\/wp\/v2\/media\/116670"}],"wp:attachment":[{"href":"https:\/\/iparaiba.com.br\/index.php\/wp-json\/wp\/v2\/media?parent=123042"}],"wp:term":[{"taxonomy":"category","embeddable":true,"href":"https:\/\/iparaiba.com.br\/index.php\/wp-json\/wp\/v2\/categories?post=123042"},{"taxonomy":"post_tag","embeddable":true,"href":"https:\/\/iparaiba.com.br\/index.php\/wp-json\/wp\/v2\/tags?post=123042"}],"curies":[{"name":"wp","href":"https:\/\/api.w.org\/{rel}","templated":true}]}}