{"id":123030,"date":"2024-09-30T09:53:14","date_gmt":"2024-09-30T12:53:14","guid":{"rendered":"https:\/\/onordeste.com.br\/?p=123030"},"modified":"2024-09-30T09:53:14","modified_gmt":"2024-09-30T12:53:14","slug":"jornalista-ja-fez-o-seu-credenciamento-para-as-eleicoes","status":"publish","type":"post","link":"https:\/\/iparaiba.com.br\/index.php\/2024\/09\/30\/jornalista-ja-fez-o-seu-credenciamento-para-as-eleicoes\/","title":{"rendered":"Jornalista, j\u00e1 fez o seu credenciamento para as elei\u00e7\u00f5es"},"content":{"rendered":"<section id=\"texto-conteudo\" class=\"texto-noticias-internas\">\n<div class=\"tab-content sem-galeria\">\n<div id=\"ancora-1\" class=\"tab-pane active\" role=\"tabpanel\">\n<p>O Centro de Divulga\u00e7\u00e3o das Elei\u00e7\u00f5es (CDE) 2024 j\u00e1 est\u00e1 funcionando no 3\u00ba andar do Tribunal Superior Eleitoral (TSE), em Bras\u00edlia, mas, para terem acesso ao local, ve\u00edculos de comunica\u00e7\u00e3o e profissionais de imprensa precisam realizar o cadastro na\u00a0<a href=\"https:\/\/www.tse.jus.br\/comunicacao\/cde\">p\u00e1gina do CDE<\/a>\u00a0na internet.\u00a0O prazo para credenciamento termina no dia 3 de outubro.<\/p>\n<p>O ambiente virtual re\u00fane informa\u00e7\u00f5es importantes sobre infraestrutura, quem pode acessar o CDE, perguntas frequentes e o que voc\u00ea precisa saber a respeito de temas relacionados ao processo eleitoral. H\u00e1 tamb\u00e9m uma cole\u00e7\u00e3o de materiais de apoio para auxiliar o trabalho dos jornalistas.<\/p>\n<h3 id=\"titulo-0\">Confira o passo a passo para fazer o credenciamento<\/h3>\n<p>A inscri\u00e7\u00e3o \u00e9 dividida em duas etapas on-line. Na primeira, a pessoa respons\u00e1vel pelo ve\u00edculo de comunica\u00e7\u00e3o deve clicar em\u00a0<a href=\"https:\/\/credenciamento.tse.jus.br\/\">\u201cFa\u00e7a o seu credenciamento\u201d<\/a>. O link est\u00e1 dispon\u00edvel na p\u00e1gina do CDE.<\/p>\n<p>Em seguida, v\u00e1 at\u00e9 o perfil \u201cVe\u00edculos de comunica\u00e7\u00e3o\u201d e aperte a tecla\u00a0<a href=\"https:\/\/autenticaje.tse.jus.br\/auth\/realms\/usuarios-externos\/protocol\/openid-connect\/auth?client_id=je.credenciamento&amp;response_type=code&amp;scope=profile+email+phone&amp;state=SYk1FuffQOqoi77Z&amp;nonce=yMqpPRWXc3TNYQdd&amp;redirect_uri=https%3A%2F%2Fcredenciamento.tse.j\">\u201cAcessar\u201d<\/a>. Aparecer\u00e3o duas op\u00e7\u00f5es para se autenticar e continuar o procedimento. Voc\u00ea pode escolher entrar com a senha do\u00a0<a href=\"https:\/\/autenticaje.tse.jus.br\/auth\/realms\/eleitor-codigo-auth\/protocol\/openid-connect\/auth?scope=openid&amp;state=hgVcfxWj8sMHoKWiPwFTZ1rd4fZDevCAHRMZU6AgDWY.6qvJLJonzSk.je.credenciamento&amp;response_type=code&amp;client_id=usuarios-externos&amp;redirect_uri=https%3A%2F\">e-T\u00edtulo<\/a>\u00a0ou se identificar pela plataforma\u00a0<a href=\"https:\/\/sso.acesso.gov.br\/login?client_id=autenticaje.tse.jus.br&amp;authorization_id=192353c9f6e\">gov.br<\/a>.<\/p>\n<p>Feito o\u00a0login, basta preencher os dados solicitados pelo sistema para concluir o cadastro do ve\u00edculo.\u00a0A pr\u00f3xima etapa consiste em informar os nomes dos profissionais da empresa que atuar\u00e3o no CDE.\u00a0Fa\u00e7a a lista com a escala do seu time para a cobertura do pleito. Ao concluir o processo, informe aos profissionais que eles precisam entrar na p\u00e1gina do CDE para completar o credenciamento individual.<\/p>\n<p>O jornalista j\u00e1 cadastrado pelo ve\u00edculo deve acessar a p\u00e1gina do CDE, ir at\u00e9 o perfil \u201cProfissionais de imprensa\u201d e clicar em\u00a0<a href=\"https:\/\/autenticaje.tse.jus.br\/auth\/realms\/usuarios-externos\/protocol\/openid-connect\/auth?client_id=je.credenciamento&amp;response_type=code&amp;scope=profile+email+phone&amp;state=SYk1FuffQOqoi77Z&amp;nonce=yMqpPRWXc3TNYQdd&amp;redirect_uri=https%3A%2F%2Fcredenciamento.tse.j\">\u201cAcessar\u201d<\/a>. Novamente, ser\u00e1 preciso fazer a autentica\u00e7\u00e3o pelo\u00a0<a href=\"https:\/\/autenticaje.tse.jus.br\/auth\/realms\/eleitor-codigo-auth\/protocol\/openid-connect\/auth?scope=openid&amp;state=X1Vf8SWDSqg9DVOPK4yTtlA6z3Q-T2q3aWGRcpzCiHk.amCqbpV88r4.je.credenciamento&amp;response_type=code&amp;client_id=usuarios-externos&amp;redirect_uri=https%3A%2F\">e-T\u00edtulo<\/a>\u00a0ou pela\u00a0<a href=\"https:\/\/sso.acesso.gov.br\/login?client_id=autenticaje.tse.jus.br&amp;authorization_id=1923544dc39\">conta gov.br<\/a>\u00a0para prosseguir e completar o cadastro.<\/p>\n<p>O passo a passo \u00e9 necess\u00e1rio para obten\u00e7\u00e3o do QR Code.\u00a0Sem ele\u00a0em m\u00e3os, n\u00e3o ser\u00e1 poss\u00edvel ter acesso ao Centro de Divulga\u00e7\u00e3o das Elei\u00e7\u00f5es nos dias 6 e 27 de outubro.<\/p>\n<h3 id=\"titulo-1\">Limite de vagas<\/h3>\n<p>Poder\u00e3o entrar na sala do CDE, no 3\u00ba andar do Tribunal, at\u00e9 tr\u00eas profissionais por emissora de televis\u00e3o ou\u00a0<i>streaming<\/i>\u00a0de not\u00edcias; at\u00e9 dois profissionais por jornal, revista, site, r\u00e1dio ou ag\u00eancia de not\u00edcias; e um profissional por assessoria de imprensa. A limita\u00e7\u00e3o se faz necess\u00e1ria por motivos de seguran\u00e7a e em raz\u00e3o da capacidade f\u00edsica do local.<\/p>\n<p>Vale lembrar que o sistema de credenciamento n\u00e3o limita a quantidade de profissionais cadastrados. Apenas a instala\u00e7\u00e3o do CDE no 3\u00ba andar est\u00e1 sujeita a lota\u00e7\u00e3o.<\/p>\n<h3 id=\"titulo-2\">Funcionamento<\/h3>\n<p>O CDE 2024 funciona de segunda a sexta-feira, das 8h \u00e0s 20h. Nos dias 5 e 26 de outubro, v\u00e9speras dos pleitos, estar\u00e1 aberto das 10h \u00e0s 17h. Nos dias 6 e 27 de outubro (1\u00ba e 2\u00ba turno das elei\u00e7\u00f5es), o funcionamento ser\u00e1 ampliado, das 7h30 \u00e0s 22h.<\/p>\n<h3 id=\"titulo-3\">Uso de credenciais<\/h3>\n<p>No dia da vota\u00e7\u00e3o, al\u00e9m do QR Code, o profissional de imprensa dever\u00e1 portar a credencial espec\u00edfica do CDE 2024 enquanto estiver nas depend\u00eancias do Tribunal. Ela ser\u00e1 entregue na portaria de entrada do TSE, mediante apresenta\u00e7\u00e3o de documento de identifica\u00e7\u00e3o e da valida\u00e7\u00e3o do QR Code.<\/p>\n<h3 id=\"titulo-4\">Outros ambientes<\/h3>\n<p>Al\u00e9m do espa\u00e7o localizado no 3\u00ba andar, o\u00a0<a href=\"https:\/\/www.tse.jus.br\/comunicacao\/cde\">Centro de Divulga\u00e7\u00e3o das Elei\u00e7\u00f5es<\/a>\u00a0vai abranger o t\u00e9rreo e um dos audit\u00f3rios do TSE.<\/p>\n<p>No t\u00e9rreo, os profissionais de imprensa contar\u00e3o com\u00a0<i>food trucks<\/i>\u00a0para refei\u00e7\u00f5es, a partir do pr\u00f3ximo dia 30. J\u00e1 no dia da elei\u00e7\u00e3o (6 de outubro), estar\u00e3o concentrados os caminh\u00f5es de link, a \u00e1rea de conviv\u00eancia, os ambientes decorados e os tel\u00f5es para a divulga\u00e7\u00e3o dos resultados.<\/p>\n<p>Tamb\u00e9m no dia do pleito, o Audit\u00f3rio I, localizado no subsolo do Tribunal, ser\u00e1 palco da coletiva de imprensa sobre o balan\u00e7o do 1\u00ba turno das Elei\u00e7\u00f5es 2024, a qual reunir\u00e1 autoridades da Justi\u00e7a Eleitoral.<\/p>\n<p>Tse<\/p>\n<\/div>\n<\/div>\n<\/section>\n<aside id=\"aside-noticias\" class=\"nao-imprimir\">\n<div id=\"portletwrapper-706c6f6e652e7269676874636f6c756d6e0a636f6e746578740a2f706f7274616c6a652f7473652f636f6d756e69636163616f2f6e6f7469636961730a7072696e6369706169732d617373756e746f73\" class=\"portletWrapper\" data-portlethash=\"706c6f6e652e7269676874636f6c756d6e0a636f6e746578740a2f706f7274616c6a652f7473652f636f6d756e69636163616f2f6e6f7469636961730a7072696e6369706169732d617373756e746f73\"><\/div>\n<div id=\"portletwrapper-706c6f6e652e7269676874636f6c756d6e0a636f6e746578740a2f706f7274616c6a652f7473652f636f6d756e69636163616f2f6e6f7469636961730a756c74696d6173\" class=\"portletWrapper\" data-portlethash=\"706c6f6e652e7269676874636f6c756d6e0a636f6e746578740a2f706f7274616c6a652f7473652f636f6d756e69636163616f2f6e6f7469636961730a756c74696d6173\">\n<div class=\"lateral__mais-lidas\">\n<h2 class=\"sr-only\"><\/h2>\n<\/div>\n<\/div>\n<\/aside>\n","protected":false},"excerpt":{"rendered":"<p>O Centro de Divulga\u00e7\u00e3o das Elei\u00e7\u00f5es (CDE) 2024 j\u00e1 est\u00e1 funcionando no 3\u00ba andar do Tribunal Superior Eleitoral (TSE), em Bras\u00edlia, mas, para terem acesso ao local, ve\u00edculos de comunica\u00e7\u00e3o e profissionais de imprensa precisam realizar o cadastro na\u00a0p\u00e1gina do CDE\u00a0na internet.\u00a0O prazo para credenciamento termina no dia 3 de outubro. O ambiente virtual re\u00fane &hellip;<\/p>\n","protected":false},"author":1,"featured_media":116667,"comment_status":"open","ping_status":"open","sticky":false,"template":"","format":"standard","meta":{"footnotes":""},"categories":[9],"tags":[],"class_list":["post-123030","post","type-post","status-publish","format-standard","has-post-thumbnail","hentry","category-justica"],"_links":{"self":[{"href":"https:\/\/iparaiba.com.br\/index.php\/wp-json\/wp\/v2\/posts\/123030","targetHints":{"allow":["GET"]}}],"collection":[{"href":"https:\/\/iparaiba.com.br\/index.php\/wp-json\/wp\/v2\/posts"}],"about":[{"href":"https:\/\/iparaiba.com.br\/index.php\/wp-json\/wp\/v2\/types\/post"}],"author":[{"embeddable":true,"href":"https:\/\/iparaiba.com.br\/index.php\/wp-json\/wp\/v2\/users\/1"}],"replies":[{"embeddable":true,"href":"https:\/\/iparaiba.com.br\/index.php\/wp-json\/wp\/v2\/comments?post=123030"}],"version-history":[{"count":0,"href":"https:\/\/iparaiba.com.br\/index.php\/wp-json\/wp\/v2\/posts\/123030\/revisions"}],"wp:featuredmedia":[{"embeddable":true,"href":"https:\/\/iparaiba.com.br\/index.php\/wp-json\/wp\/v2\/media\/116667"}],"wp:attachment":[{"href":"https:\/\/iparaiba.com.br\/index.php\/wp-json\/wp\/v2\/media?parent=123030"}],"wp:term":[{"taxonomy":"category","embeddable":true,"href":"https:\/\/iparaiba.com.br\/index.php\/wp-json\/wp\/v2\/categories?post=123030"},{"taxonomy":"post_tag","embeddable":true,"href":"https:\/\/iparaiba.com.br\/index.php\/wp-json\/wp\/v2\/tags?post=123030"}],"curies":[{"name":"wp","href":"https:\/\/api.w.org\/{rel}","templated":true}]}}