{"id":123018,"date":"2024-09-28T14:00:21","date_gmt":"2024-09-28T17:00:21","guid":{"rendered":"https:\/\/onordeste.com.br\/?p=123018"},"modified":"2024-09-28T14:00:21","modified_gmt":"2024-09-28T17:00:21","slug":"operacao-forca-total-na-paraiba-apreende-15-armas-de-fogo","status":"publish","type":"post","link":"https:\/\/iparaiba.com.br\/index.php\/2024\/09\/28\/operacao-forca-total-na-paraiba-apreende-15-armas-de-fogo\/","title":{"rendered":"Opera\u00e7\u00e3o For\u00e7a Total na Para\u00edba apreende 15 armas de fogo"},"content":{"rendered":"<p>Um balan\u00e7o parcial da 7\u00aa edi\u00e7\u00e3o da Opera\u00e7\u00e3o For\u00e7a Total mostra que 15 armas de fogo que circulavam ilegalmente e eram usadas para crimes na Para\u00edba, foram apreendidas pela Pol\u00edcia Militar. As a\u00e7\u00f5es da Opera\u00e7\u00e3o foram deflagradas \u00e0s 00h da \u00faltima quinta-feira (26) e seguem nesta sexta-feira.<\/p>\n<p>Principal instrumento usado para o cometimento de delitos, as armas foram apreendidas nos munic\u00edpios de Cabedelo, Campina Grande, Alagoa Grande e Catol\u00e9 do Rocha. Em Cabedelo, um rev\u00f3lver estava com um adolescente que j\u00e1 havia sido apreendido e foi flagrado fazendo a \u2018seguran\u00e7a\u2019 de uma comunidade (foto abaixo).<\/p>\n","protected":false},"excerpt":{"rendered":"<p>Um balan\u00e7o parcial da 7\u00aa edi\u00e7\u00e3o da Opera\u00e7\u00e3o For\u00e7a Total mostra que 15 armas de fogo que circulavam ilegalmente e eram usadas para crimes na Para\u00edba, foram apreendidas pela Pol\u00edcia Militar. As a\u00e7\u00f5es da Opera\u00e7\u00e3o foram deflagradas \u00e0s 00h da \u00faltima quinta-feira (26) e seguem nesta sexta-feira. Principal instrumento usado para o cometimento de delitos, &hellip;<\/p>\n","protected":false},"author":1,"featured_media":109043,"comment_status":"open","ping_status":"open","sticky":false,"template":"","format":"standard","meta":{"footnotes":""},"categories":[13],"tags":[],"class_list":["post-123018","post","type-post","status-publish","format-standard","has-post-thumbnail","hentry","category-policial"],"_links":{"self":[{"href":"https:\/\/iparaiba.com.br\/index.php\/wp-json\/wp\/v2\/posts\/123018","targetHints":{"allow":["GET"]}}],"collection":[{"href":"https:\/\/iparaiba.com.br\/index.php\/wp-json\/wp\/v2\/posts"}],"about":[{"href":"https:\/\/iparaiba.com.br\/index.php\/wp-json\/wp\/v2\/types\/post"}],"author":[{"embeddable":true,"href":"https:\/\/iparaiba.com.br\/index.php\/wp-json\/wp\/v2\/users\/1"}],"replies":[{"embeddable":true,"href":"https:\/\/iparaiba.com.br\/index.php\/wp-json\/wp\/v2\/comments?post=123018"}],"version-history":[{"count":0,"href":"https:\/\/iparaiba.com.br\/index.php\/wp-json\/wp\/v2\/posts\/123018\/revisions"}],"wp:featuredmedia":[{"embeddable":true,"href":"https:\/\/iparaiba.com.br\/index.php\/wp-json\/wp\/v2\/media\/109043"}],"wp:attachment":[{"href":"https:\/\/iparaiba.com.br\/index.php\/wp-json\/wp\/v2\/media?parent=123018"}],"wp:term":[{"taxonomy":"category","embeddable":true,"href":"https:\/\/iparaiba.com.br\/index.php\/wp-json\/wp\/v2\/categories?post=123018"},{"taxonomy":"post_tag","embeddable":true,"href":"https:\/\/iparaiba.com.br\/index.php\/wp-json\/wp\/v2\/tags?post=123018"}],"curies":[{"name":"wp","href":"https:\/\/api.w.org\/{rel}","templated":true}]}}