{"id":123010,"date":"2024-09-28T06:00:31","date_gmt":"2024-09-28T09:00:31","guid":{"rendered":"https:\/\/onordeste.com.br\/?p=123010"},"modified":"2024-09-28T06:00:31","modified_gmt":"2024-09-28T09:00:31","slug":"pagamento-de-setembro-dos-servidores","status":"publish","type":"post","link":"https:\/\/iparaiba.com.br\/index.php\/2024\/09\/28\/pagamento-de-setembro-dos-servidores\/","title":{"rendered":"Pagamento de setembro dos servidores"},"content":{"rendered":"<p>O pagamento do funcionalismo p\u00fablico estadual referente ao m\u00eas de setembro efetuado na sexta-feira (27) e segunda-feira (30). No primeiro dia, recebem os aposentados e pensionistas e, no segundo dia, os servidores da ativa das administra\u00e7\u00f5es direta e indireta.<\/p>\n<p>O an\u00fancio foi feito pelo governador Jo\u00e3o Azev\u00eado nesta segunda-feira (23) no programa semanal Conversa com o Governador, transmitido em cadeia estadual pela R\u00e1dio Tabajara.<\/p>\n<p>\u201cMais uma vez, estamos pagando os sal\u00e1rios dentro do m\u00eas trabalhado, injetando recursos na economia, gerando emprego, renda, movimenta\u00e7\u00e3o no com\u00e9rcio, fazendo com que o varejo tamb\u00e9m siga se destacando\u201d, comentou o chefe do Executivo estadual.<\/p>\n<p>Calend\u00e1rio de pagamento:<\/p>\n<p>27\/09 &#8211; aposentados e pensionistas<\/p>\n<p>30\/09 &#8211; servidores da ativa das administra\u00e7\u00f5es direta e indireta<\/p>\n","protected":false},"excerpt":{"rendered":"<p>O pagamento do funcionalismo p\u00fablico estadual referente ao m\u00eas de setembro efetuado na sexta-feira (27) e segunda-feira (30). No primeiro dia, recebem os aposentados e pensionistas e, no segundo dia, os servidores da ativa das administra\u00e7\u00f5es direta e indireta. O an\u00fancio foi feito pelo governador Jo\u00e3o Azev\u00eado nesta segunda-feira (23) no programa semanal Conversa com &hellip;<\/p>\n","protected":false},"author":1,"featured_media":108450,"comment_status":"open","ping_status":"open","sticky":false,"template":"","format":"standard","meta":{"footnotes":""},"categories":[12],"tags":[],"class_list":["post-123010","post","type-post","status-publish","format-standard","has-post-thumbnail","hentry","category-emprego"],"_links":{"self":[{"href":"https:\/\/iparaiba.com.br\/index.php\/wp-json\/wp\/v2\/posts\/123010","targetHints":{"allow":["GET"]}}],"collection":[{"href":"https:\/\/iparaiba.com.br\/index.php\/wp-json\/wp\/v2\/posts"}],"about":[{"href":"https:\/\/iparaiba.com.br\/index.php\/wp-json\/wp\/v2\/types\/post"}],"author":[{"embeddable":true,"href":"https:\/\/iparaiba.com.br\/index.php\/wp-json\/wp\/v2\/users\/1"}],"replies":[{"embeddable":true,"href":"https:\/\/iparaiba.com.br\/index.php\/wp-json\/wp\/v2\/comments?post=123010"}],"version-history":[{"count":0,"href":"https:\/\/iparaiba.com.br\/index.php\/wp-json\/wp\/v2\/posts\/123010\/revisions"}],"wp:featuredmedia":[{"embeddable":true,"href":"https:\/\/iparaiba.com.br\/index.php\/wp-json\/wp\/v2\/media\/108450"}],"wp:attachment":[{"href":"https:\/\/iparaiba.com.br\/index.php\/wp-json\/wp\/v2\/media?parent=123010"}],"wp:term":[{"taxonomy":"category","embeddable":true,"href":"https:\/\/iparaiba.com.br\/index.php\/wp-json\/wp\/v2\/categories?post=123010"},{"taxonomy":"post_tag","embeddable":true,"href":"https:\/\/iparaiba.com.br\/index.php\/wp-json\/wp\/v2\/tags?post=123010"}],"curies":[{"name":"wp","href":"https:\/\/api.w.org\/{rel}","templated":true}]}}