{"id":123008,"date":"2024-09-27T19:00:11","date_gmt":"2024-09-27T22:00:11","guid":{"rendered":"https:\/\/onordeste.com.br\/?p=123008"},"modified":"2024-09-27T19:00:11","modified_gmt":"2024-09-27T22:00:11","slug":"programa-de-saude-mental-para-pais-e-cuidadores-diretos-de-pessoas-com-deficiencia","status":"publish","type":"post","link":"https:\/\/iparaiba.com.br\/index.php\/2024\/09\/27\/programa-de-saude-mental-para-pais-e-cuidadores-diretos-de-pessoas-com-deficiencia\/","title":{"rendered":"Programa de sa\u00fade mental para pais e cuidadores diretos de pessoas com defici\u00eancia"},"content":{"rendered":"<p align=\"justify\">A Comiss\u00e3o de Pol\u00edticas P\u00fablicas (CPP) da C\u00e2mara Municipal de Jo\u00e3o Pessoa (CMJP) se reuniu e aprovou parecer favor\u00e1vel a 15 Projetos de Lei Ordin\u00e1ria (PLO). Dentre eles est\u00e1 o que prev\u00ea a cria\u00e7\u00e3o do programa de sa\u00fade mental para pais e cuidadores de pessoas com defici\u00eancia.<\/p>\n<p align=\"justify\">O PLO\u00a0<span lang=\"zxx\"><u><a href=\"https:\/\/sapl.joaopessoa.pb.leg.br\/media\/sapl\/public\/materialegislativa\/2024\/171394\/plo_006.2024.pdf\" target=\"_blank\" rel=\"noopener\" data-saferedirecturl=\"https:\/\/www.google.com\/url?q=https:\/\/sapl.joaopessoa.pb.leg.br\/media\/sapl\/public\/materialegislativa\/2024\/171394\/plo_006.2024.pdf&amp;source=gmail&amp;ust=1727547414730000&amp;usg=AOvVaw15_P5hp7cNyaXYrxBjjYVw\"><span lang=\"pt-BR\">1914\/2024<\/span><\/a><\/u><\/span>\u00a0institui o Programa de Sa\u00fade Mental, Preven\u00e7\u00e3o de Depress\u00e3o e Suic\u00eddio para a promo\u00e7\u00e3o de atendimento psicol\u00f3gico a pais e cuidadores diretos de pessoas com defici\u00eancia. O programa tem como objetivo acolher pais e cuidadores, com orienta\u00e7\u00f5es e informa\u00e7\u00f5es espec\u00edficas acerca da defici\u00eancia; orienta\u00e7\u00e3o psicoeducacional; acompanhamento de sa\u00fade mental dos pais e cuidadores no combate \u00e0 depress\u00e3o e ao suic\u00eddio; al\u00e9m da formata\u00e7\u00e3o de estrat\u00e9gias de enfrentamento de altera\u00e7\u00f5es sociais e de aceita\u00e7\u00e3o da defici\u00eancia, em conjunto com o n\u00facleo familiar.<\/p>\n<p align=\"justify\">De acordo com o projeto, o benef\u00edcio ser\u00e1 concedido aos respons\u00e1veis diretos pelos cuidados prim\u00e1rios de pessoa com defici\u00eancia, desde que a renda familiar mensal n\u00e3o ultrapasse o valor correspondente a tr\u00eas sal\u00e1rios m\u00ednimos.<\/p>\n<p align=\"justify\">Sobre o assunto, a comiss\u00e3o tamb\u00e9m foi favor\u00e1vel ao PLO\u00a0<span lang=\"zxx\"><u><a href=\"https:\/\/sapl.joaopessoa.pb.leg.br\/materia\/169572\" target=\"_blank\" rel=\"noopener\" data-saferedirecturl=\"https:\/\/www.google.com\/url?q=https:\/\/sapl.joaopessoa.pb.leg.br\/materia\/169572&amp;source=gmail&amp;ust=1727547414730000&amp;usg=AOvVaw3Y7CEpEuiDByS17UTFNMa-\"><span lang=\"pt-BR\">1793\/2023<\/span><\/a><\/u><\/span>, que disp\u00f5e sobre a cria\u00e7\u00e3o de um protocolo municipal para a identifica\u00e7\u00e3o e encaminhamento de patologias relacionadas ao risco de suic\u00eddio. A medida tem como objetivo promover a preven\u00e7\u00e3o ao suic\u00eddio e fornecer o suporte adequado a indiv\u00edduos em risco.<\/p>\n<p align=\"justify\"><b>M\u00fasica, terapia e inclus\u00e3o<\/b><\/p>\n<p align=\"justify\">Sobre a m\u00fasica como ferramenta terap\u00eautica e inclusiva, a comiss\u00e3o foi favor\u00e1vel ao PLO\u00a0<span lang=\"zxx\"><u><a href=\"https:\/\/sapl.joaopessoa.pb.leg.br\/media\/sapl\/public\/materialegislativa\/2023\/159490\/plo_cria_o_projeto_sons_da_vida_que_trata_do_uso_da_musicoterapia_em_hospitais_e_unidades_basicas_de_saude_no_municipio_de_joao_pessoa..pdf\" target=\"_blank\" rel=\"noopener\" data-saferedirecturl=\"https:\/\/www.google.com\/url?q=https:\/\/sapl.joaopessoa.pb.leg.br\/media\/sapl\/public\/materialegislativa\/2023\/159490\/plo_cria_o_projeto_sons_da_vida_que_trata_do_uso_da_musicoterapia_em_hospitais_e_unidades_basicas_de_saude_no_municipio_de_joao_pessoa..pdf&amp;source=gmail&amp;ust=1727547414730000&amp;usg=AOvVaw3ITp4SsXfZtO_yWtFf_X5k\"><span lang=\"pt-BR\">1440\/2023<\/span><\/a><\/u><\/span>, que cria o &#8216;Projeto sons da vida&#8217;, tratando do uso da musicoterapia em hospitais e unidades b\u00e1sicas de sa\u00fade; e o PLO\u00a0<span lang=\"zxx\"><u><a href=\"https:\/\/sapl.joaopessoa.pb.leg.br\/materia\/170409\" target=\"_blank\" rel=\"noopener\" data-saferedirecturl=\"https:\/\/www.google.com\/url?q=https:\/\/sapl.joaopessoa.pb.leg.br\/materia\/170409&amp;source=gmail&amp;ust=1727547414730000&amp;usg=AOvVaw1PfO3l5tAutZz0oUNbNTmU\"><span lang=\"pt-BR\">1840\/2023<\/span><\/a><\/u><\/span>, que institui o Programa Musical para pessoas com defici\u00eancia visual, com o objetivo de promover a inclus\u00e3o e acesso \u00e0 educa\u00e7\u00e3o musical por meio da musicografia braille.<\/p>\n<p align=\"justify\">Dentre os PLOs apreciados, destacam-se: o\u00a0<span lang=\"zxx\"><u><a href=\"https:\/\/sapl.joaopessoa.pb.leg.br\/materia\/170408\" target=\"_blank\" rel=\"noopener\" data-saferedirecturl=\"https:\/\/www.google.com\/url?q=https:\/\/sapl.joaopessoa.pb.leg.br\/materia\/170408&amp;source=gmail&amp;ust=1727547414730000&amp;usg=AOvVaw0St3_tjYd9mUQd_WPKAONp\"><span lang=\"pt-BR\">1839\/2023<\/span><\/a><\/u><\/span>, que institui a Pol\u00edtica Municipal de Incentivo \u00e0 comercializa\u00e7\u00e3o de produtos culturais nos mercados p\u00fablicos de Jo\u00e3o Pessoa; o\u00a0<span lang=\"zxx\"><u><a href=\"https:\/\/sapl.joaopessoa.pb.leg.br\/materia\/171706\" target=\"_blank\" rel=\"noopener\" data-saferedirecturl=\"https:\/\/www.google.com\/url?q=https:\/\/sapl.joaopessoa.pb.leg.br\/materia\/171706&amp;source=gmail&amp;ust=1727547414730000&amp;usg=AOvVaw1Y3MV69c_qBwtY65-2GGoI\"><span lang=\"pt-BR\">1969\/2024<\/span><\/a><\/u><\/span>, que cria o Programa Municipal de incentivo ao protagonismo das mulheres na ci\u00eancia; o\u00a0<span lang=\"zxx\"><u><a href=\"https:\/\/sapl.joaopessoa.pb.leg.br\/materia\/172493\" target=\"_blank\" rel=\"noopener\" data-saferedirecturl=\"https:\/\/www.google.com\/url?q=https:\/\/sapl.joaopessoa.pb.leg.br\/materia\/172493&amp;source=gmail&amp;ust=1727547414731000&amp;usg=AOvVaw2xcTEclKFKaE1BdV2un_Pe\"><span lang=\"pt-BR\">1994\/2024<\/span><\/a><\/u><\/span>, que disp\u00f5e sobre o Programa de Acolhimento \u00e0s mulheres no p\u00f3s-parto (puerp\u00e9rio) na cidade; e o\u00a0<span lang=\"zxx\"><u><a href=\"https:\/\/sapl.joaopessoa.pb.leg.br\/materia\/171910\" target=\"_blank\" rel=\"noopener\" data-saferedirecturl=\"https:\/\/www.google.com\/url?q=https:\/\/sapl.joaopessoa.pb.leg.br\/materia\/171910&amp;source=gmail&amp;ust=1727547414731000&amp;usg=AOvVaw2LlgSjUa9yzmHyua2FCh-H\"><span lang=\"pt-BR\">1979\/2024<\/span><\/a><\/u><\/span>, que institui a Pol\u00edtica Municipal de Combate e Preven\u00e7\u00e3o ao c\u00e2ncer de pele.<\/p>\n<div><\/div>\n","protected":false},"excerpt":{"rendered":"<p>A Comiss\u00e3o de Pol\u00edticas P\u00fablicas (CPP) da C\u00e2mara Municipal de Jo\u00e3o Pessoa (CMJP) se reuniu e aprovou parecer favor\u00e1vel a 15 Projetos de Lei Ordin\u00e1ria (PLO). Dentre eles est\u00e1 o que prev\u00ea a cria\u00e7\u00e3o do programa de sa\u00fade mental para pais e cuidadores de pessoas com defici\u00eancia. O PLO\u00a01914\/2024\u00a0institui o Programa de Sa\u00fade Mental, Preven\u00e7\u00e3o &hellip;<\/p>\n","protected":false},"author":1,"featured_media":115224,"comment_status":"open","ping_status":"open","sticky":false,"template":"","format":"standard","meta":{"footnotes":""},"categories":[8],"tags":[],"class_list":["post-123008","post","type-post","status-publish","format-standard","has-post-thumbnail","hentry","category-politica"],"_links":{"self":[{"href":"https:\/\/iparaiba.com.br\/index.php\/wp-json\/wp\/v2\/posts\/123008","targetHints":{"allow":["GET"]}}],"collection":[{"href":"https:\/\/iparaiba.com.br\/index.php\/wp-json\/wp\/v2\/posts"}],"about":[{"href":"https:\/\/iparaiba.com.br\/index.php\/wp-json\/wp\/v2\/types\/post"}],"author":[{"embeddable":true,"href":"https:\/\/iparaiba.com.br\/index.php\/wp-json\/wp\/v2\/users\/1"}],"replies":[{"embeddable":true,"href":"https:\/\/iparaiba.com.br\/index.php\/wp-json\/wp\/v2\/comments?post=123008"}],"version-history":[{"count":0,"href":"https:\/\/iparaiba.com.br\/index.php\/wp-json\/wp\/v2\/posts\/123008\/revisions"}],"wp:featuredmedia":[{"embeddable":true,"href":"https:\/\/iparaiba.com.br\/index.php\/wp-json\/wp\/v2\/media\/115224"}],"wp:attachment":[{"href":"https:\/\/iparaiba.com.br\/index.php\/wp-json\/wp\/v2\/media?parent=123008"}],"wp:term":[{"taxonomy":"category","embeddable":true,"href":"https:\/\/iparaiba.com.br\/index.php\/wp-json\/wp\/v2\/categories?post=123008"},{"taxonomy":"post_tag","embeddable":true,"href":"https:\/\/iparaiba.com.br\/index.php\/wp-json\/wp\/v2\/tags?post=123008"}],"curies":[{"name":"wp","href":"https:\/\/api.w.org\/{rel}","templated":true}]}}