{"id":123006,"date":"2024-09-27T17:00:09","date_gmt":"2024-09-27T20:00:09","guid":{"rendered":"https:\/\/onordeste.com.br\/?p=123006"},"modified":"2024-09-27T17:00:09","modified_gmt":"2024-09-27T20:00:09","slug":"ifpb-instala-sala-de-estabilizacao-sensorial-para-estudantes-neurodivergentes","status":"publish","type":"post","link":"https:\/\/iparaiba.com.br\/index.php\/2024\/09\/27\/ifpb-instala-sala-de-estabilizacao-sensorial-para-estudantes-neurodivergentes\/","title":{"rendered":"IFPB instala sala de estabiliza\u00e7\u00e3o sensorial para estudantes neurodivergentes"},"content":{"rendered":"<p>O Instituto Federal da Para\u00edba (IFPB), campus Campina Grande, deu um importante passo em dire\u00e7\u00e3o \u00e0 inclus\u00e3o e ao acolhimento de estudantes neurodivergentes com a inaugura\u00e7\u00e3o da Sala de Autorregula\u00e7\u00e3o Emocional. O novo espa\u00e7o \u00e9 fruto da implementa\u00e7\u00e3o da Lei 663\/2023, de autoria do deputado estadual e presidente da Assembleia Legislativa da Para\u00edba, Adriano Galdino, que estabelece a cria\u00e7\u00e3o de salas de estabiliza\u00e7\u00e3o sensorial em ambientes p\u00fablicos e privados.<\/p>\n<p>O projeto de lei que deu origem a essa sala \u00e9 uma iniciativa que reconheceu a urg\u00eancia de proporcionar ambientes adequados para pessoas com transtornos do espectro autista e outras condi\u00e7\u00f5es neurodivergentes. &#8220;A cria\u00e7\u00e3o dessas salas de estabiliza\u00e7\u00e3o sensorial \u00e9 um marco importante na promo\u00e7\u00e3o de ambientes mais inclusivos. Esses espa\u00e7os garantem que pessoas neurodivergentes possam encontrar um ref\u00fagio em momentos de crise, promovendo o respeito e o cuidado que todos merecem. \u00c9 uma forma de assegurarmos que todos tenham condi\u00e7\u00f5es de aprender, conviver e se desenvolver em ambientes que respeitam suas particularidades,&#8221; afirmou Adriano Galdino.<\/p>\n<p>O evento de inaugura\u00e7\u00e3o contou com a apresenta\u00e7\u00e3o do projeto e uma mesa-redonda sobre os aspectos legais e os benef\u00edcios de ambientes adaptados para pessoas neurodivergentes. Entre os participantes, o servidor da Assembleia Legislativa da Para\u00edba (ALPB), Albano Borba, representou o deputado Adriano Galdino, refor\u00e7ando a import\u00e2ncia da nova legisla\u00e7\u00e3o.<\/p>\n","protected":false},"excerpt":{"rendered":"<p>O Instituto Federal da Para\u00edba (IFPB), campus Campina Grande, deu um importante passo em dire\u00e7\u00e3o \u00e0 inclus\u00e3o e ao acolhimento de estudantes neurodivergentes com a inaugura\u00e7\u00e3o da Sala de Autorregula\u00e7\u00e3o Emocional. O novo espa\u00e7o \u00e9 fruto da implementa\u00e7\u00e3o da Lei 663\/2023, de autoria do deputado estadual e presidente da Assembleia Legislativa da Para\u00edba, Adriano Galdino, &hellip;<\/p>\n","protected":false},"author":1,"featured_media":98755,"comment_status":"open","ping_status":"open","sticky":false,"template":"","format":"standard","meta":{"footnotes":""},"categories":[11],"tags":[],"class_list":["post-123006","post","type-post","status-publish","format-standard","has-post-thumbnail","hentry","category-educacao"],"_links":{"self":[{"href":"https:\/\/iparaiba.com.br\/index.php\/wp-json\/wp\/v2\/posts\/123006","targetHints":{"allow":["GET"]}}],"collection":[{"href":"https:\/\/iparaiba.com.br\/index.php\/wp-json\/wp\/v2\/posts"}],"about":[{"href":"https:\/\/iparaiba.com.br\/index.php\/wp-json\/wp\/v2\/types\/post"}],"author":[{"embeddable":true,"href":"https:\/\/iparaiba.com.br\/index.php\/wp-json\/wp\/v2\/users\/1"}],"replies":[{"embeddable":true,"href":"https:\/\/iparaiba.com.br\/index.php\/wp-json\/wp\/v2\/comments?post=123006"}],"version-history":[{"count":0,"href":"https:\/\/iparaiba.com.br\/index.php\/wp-json\/wp\/v2\/posts\/123006\/revisions"}],"wp:featuredmedia":[{"embeddable":true,"href":"https:\/\/iparaiba.com.br\/index.php\/wp-json\/wp\/v2\/media\/98755"}],"wp:attachment":[{"href":"https:\/\/iparaiba.com.br\/index.php\/wp-json\/wp\/v2\/media?parent=123006"}],"wp:term":[{"taxonomy":"category","embeddable":true,"href":"https:\/\/iparaiba.com.br\/index.php\/wp-json\/wp\/v2\/categories?post=123006"},{"taxonomy":"post_tag","embeddable":true,"href":"https:\/\/iparaiba.com.br\/index.php\/wp-json\/wp\/v2\/tags?post=123006"}],"curies":[{"name":"wp","href":"https:\/\/api.w.org\/{rel}","templated":true}]}}