{"id":123002,"date":"2024-09-27T15:13:33","date_gmt":"2024-09-27T18:13:33","guid":{"rendered":"https:\/\/onordeste.com.br\/?p=123002"},"modified":"2024-09-27T15:13:33","modified_gmt":"2024-09-27T18:13:33","slug":"brasil-gerou-mais-de-235-mil-novos-postos-de-trabalho","status":"publish","type":"post","link":"https:\/\/iparaiba.com.br\/index.php\/2024\/09\/27\/brasil-gerou-mais-de-235-mil-novos-postos-de-trabalho\/","title":{"rendered":"Brasil gerou mais de 235 mil novos postos de trabalho"},"content":{"rendered":"<p>O Brasil ampliou em 232.513 o n\u00famero de postos de trabalho com carteira assinada no m\u00eas de agosto, n\u00famero 0,49% maior do que o observado no m\u00eas anterior. No acumulado do ano, per\u00edodo compreendido entre janeiro e agosto, j\u00e1 foram geradas 1.726.489 novas vagas. Os dados constam do Novo Cadastro Geral de Empregados e Desempregados (Novo Caged), divulgado nesta sexta-feira (27) pelo Minist\u00e9rio do Trabalho e Emprego.<img decoding=\"async\" src=\"https:\/\/agenciabrasil.ebc.com.br\/ebc.png?id=1613726&amp;o=node\" \/><img decoding=\"async\" src=\"https:\/\/agenciabrasil.ebc.com.br\/ebc.gif?id=1613726&amp;o=node\" \/><\/p>\n<p>Tendo como recorte os \u00faltimos 12 meses (per\u00edodo entre setembro de 2023 e agosto de 2024), o saldo de postos de trabalho est\u00e1 positivo, com a cria\u00e7\u00e3o de 1.790.541 novas vagas. \u201cCom isso, o estoque, que \u00e9 a quantidade total de v\u00ednculos celetistas ativos, contabilizou 47.243.764 v\u00ednculos, representando uma varia\u00e7\u00e3o de +0,49% em rela\u00e7\u00e3o ao m\u00eas anterior\u201d, informou o minist\u00e9rio.<\/p>\n<p>Ministro do Trabalho e Emprego em exerc\u00edcio, Francisco Macena ressaltou que a boa not\u00edcia \u00e9 que \u201cn\u00e3o s\u00f3 os cinco grandes grupos econ\u00f4micos, mas as 27 unidades federativas apontaram crescimentos importantes\u201d.<\/p>\n","protected":false},"excerpt":{"rendered":"<p>O Brasil ampliou em 232.513 o n\u00famero de postos de trabalho com carteira assinada no m\u00eas de agosto, n\u00famero 0,49% maior do que o observado no m\u00eas anterior. No acumulado do ano, per\u00edodo compreendido entre janeiro e agosto, j\u00e1 foram geradas 1.726.489 novas vagas. Os dados constam do Novo Cadastro Geral de Empregados e Desempregados &hellip;<\/p>\n","protected":false},"author":1,"featured_media":97792,"comment_status":"open","ping_status":"open","sticky":false,"template":"","format":"standard","meta":{"footnotes":""},"categories":[18,12],"tags":[],"class_list":["post-123002","post","type-post","status-publish","format-standard","has-post-thumbnail","hentry","category-brasil","category-emprego"],"_links":{"self":[{"href":"https:\/\/iparaiba.com.br\/index.php\/wp-json\/wp\/v2\/posts\/123002","targetHints":{"allow":["GET"]}}],"collection":[{"href":"https:\/\/iparaiba.com.br\/index.php\/wp-json\/wp\/v2\/posts"}],"about":[{"href":"https:\/\/iparaiba.com.br\/index.php\/wp-json\/wp\/v2\/types\/post"}],"author":[{"embeddable":true,"href":"https:\/\/iparaiba.com.br\/index.php\/wp-json\/wp\/v2\/users\/1"}],"replies":[{"embeddable":true,"href":"https:\/\/iparaiba.com.br\/index.php\/wp-json\/wp\/v2\/comments?post=123002"}],"version-history":[{"count":0,"href":"https:\/\/iparaiba.com.br\/index.php\/wp-json\/wp\/v2\/posts\/123002\/revisions"}],"wp:featuredmedia":[{"embeddable":true,"href":"https:\/\/iparaiba.com.br\/index.php\/wp-json\/wp\/v2\/media\/97792"}],"wp:attachment":[{"href":"https:\/\/iparaiba.com.br\/index.php\/wp-json\/wp\/v2\/media?parent=123002"}],"wp:term":[{"taxonomy":"category","embeddable":true,"href":"https:\/\/iparaiba.com.br\/index.php\/wp-json\/wp\/v2\/categories?post=123002"},{"taxonomy":"post_tag","embeddable":true,"href":"https:\/\/iparaiba.com.br\/index.php\/wp-json\/wp\/v2\/tags?post=123002"}],"curies":[{"name":"wp","href":"https:\/\/api.w.org\/{rel}","templated":true}]}}