{"id":122999,"date":"2024-09-26T17:53:53","date_gmt":"2024-09-26T20:53:53","guid":{"rendered":"https:\/\/onordeste.com.br\/?p=122994"},"modified":"2024-09-26T17:53:53","modified_gmt":"2024-09-26T20:53:53","slug":"pf-prende-seis-pessoas-por-trafico-internacional-de-drogas","status":"publish","type":"post","link":"https:\/\/iparaiba.com.br\/index.php\/2024\/09\/26\/pf-prende-seis-pessoas-por-trafico-internacional-de-drogas\/","title":{"rendered":"PF prende seis pessoas por tr\u00e1fico internacional de drogas"},"content":{"rendered":"<p><b>Guarulhos\/SP.\u00a0<\/b>Na \u00faltima ter\u00e7a-feira (24\/9), a Pol\u00edcia Federal prendeu seis passageiros de voos internacionais que tentavam traficar quase 10 kg de drogas para a Fran\u00e7a, em diferentes a\u00e7\u00f5es.<\/p>\n<p>As pris\u00f5es ocorreram enquanto os indiv\u00edduos passavam pelos procedimentos migrat\u00f3rios, durante a fiscaliza\u00e7\u00e3o de passageiros e bagagens com o aux\u00edlio de scanners corporais e aparelhos de raio-x.<\/p>\n<p>Das seis pris\u00f5es, em cinco delas a droga foi encontrada dentro de c\u00e1psulas. Dois dos detidos, al\u00e9m de carregarem as c\u00e1psulas em pe\u00e7as \u00edntimas e inseridas em cavidades corporais, haviam ingerido uma quantidade adicional. Devido ao risco de morte, foi necess\u00e1rio encaminh\u00e1-los a um hospital p\u00fablico. Em outra pris\u00e3o, a droga, mais de 2 kg de coca\u00edna, foi encontrada em fundos falsos de uma mala pertencente a uma brasileira.<\/p>\n<p>Diante dos fatos, os suspeitos ser\u00e3o apresentados \u00e0 Justi\u00e7a Federal e poder\u00e3o responder pelo crime de tr\u00e1fico internacional de drogas.<\/p>\n<p align=\"right\"><em>Comunica\u00e7\u00e3o Social\u00a0da Pol\u00edcia Federal em S\u00e3o Paulo<\/em><\/p>\n","protected":false},"excerpt":{"rendered":"<p>Guarulhos\/SP.\u00a0Na \u00faltima ter\u00e7a-feira (24\/9), a Pol\u00edcia Federal prendeu seis passageiros de voos internacionais que tentavam traficar quase 10 kg de drogas para a Fran\u00e7a, em diferentes a\u00e7\u00f5es. As pris\u00f5es ocorreram enquanto os indiv\u00edduos passavam pelos procedimentos migrat\u00f3rios, durante a fiscaliza\u00e7\u00e3o de passageiros e bagagens com o aux\u00edlio de scanners corporais e aparelhos de raio-x. Das &hellip;<\/p>\n","protected":false},"author":1,"featured_media":98035,"comment_status":"open","ping_status":"open","sticky":false,"template":"","format":"standard","meta":{"footnotes":""},"categories":[13],"tags":[],"class_list":["post-122999","post","type-post","status-publish","format-standard","has-post-thumbnail","hentry","category-policial"],"_links":{"self":[{"href":"https:\/\/iparaiba.com.br\/index.php\/wp-json\/wp\/v2\/posts\/122999","targetHints":{"allow":["GET"]}}],"collection":[{"href":"https:\/\/iparaiba.com.br\/index.php\/wp-json\/wp\/v2\/posts"}],"about":[{"href":"https:\/\/iparaiba.com.br\/index.php\/wp-json\/wp\/v2\/types\/post"}],"author":[{"embeddable":true,"href":"https:\/\/iparaiba.com.br\/index.php\/wp-json\/wp\/v2\/users\/1"}],"replies":[{"embeddable":true,"href":"https:\/\/iparaiba.com.br\/index.php\/wp-json\/wp\/v2\/comments?post=122999"}],"version-history":[{"count":0,"href":"https:\/\/iparaiba.com.br\/index.php\/wp-json\/wp\/v2\/posts\/122999\/revisions"}],"wp:featuredmedia":[{"embeddable":true,"href":"https:\/\/iparaiba.com.br\/index.php\/wp-json\/wp\/v2\/media\/98035"}],"wp:attachment":[{"href":"https:\/\/iparaiba.com.br\/index.php\/wp-json\/wp\/v2\/media?parent=122999"}],"wp:term":[{"taxonomy":"category","embeddable":true,"href":"https:\/\/iparaiba.com.br\/index.php\/wp-json\/wp\/v2\/categories?post=122999"},{"taxonomy":"post_tag","embeddable":true,"href":"https:\/\/iparaiba.com.br\/index.php\/wp-json\/wp\/v2\/tags?post=122999"}],"curies":[{"name":"wp","href":"https:\/\/api.w.org\/{rel}","templated":true}]}}