{"id":122997,"date":"2024-09-26T13:00:03","date_gmt":"2024-09-26T16:00:03","guid":{"rendered":"https:\/\/onordeste.com.br\/?p=122990"},"modified":"2024-09-26T13:00:03","modified_gmt":"2024-09-26T16:00:03","slug":"decisoes-do-stf-asseguram-direitos-de-pessoas-com-deficiencia","status":"publish","type":"post","link":"https:\/\/iparaiba.com.br\/index.php\/2024\/09\/26\/decisoes-do-stf-asseguram-direitos-de-pessoas-com-deficiencia\/","title":{"rendered":"Decis\u00f5es do STF asseguram direitos de pessoas com defici\u00eancia"},"content":{"rendered":"<p>Neste s\u00e1bado (21) comemora-se o Dia Nacional da Luta da Pessoa com Defici\u00eancia, institu\u00eddo pela Lei 11.133\/2005. A celebra\u00e7\u00e3o visa garantir a participa\u00e7\u00e3o dessas pessoas na sociedade de maneira igualit\u00e1ria e sem preconceitos. O m\u00eas tamb\u00e9m \u00e9 marcado pela campanha Setembro Verde, que conscientiza para a luta contra o capacitismo e celebra a\u00e7\u00f5es e conquistas do movimento pela inclus\u00e3o.<\/p>\n<p>Em rela\u00e7\u00e3o ao tema, o Supremo Tribunal Federal (STF) tem assegurado ao longo dos anos os direitos das pessoas com defici\u00eancia, seja f\u00edsica, auditiva, visual ou intelectual. Por meio de decis\u00f5es, a Corte tem refor\u00e7ado a import\u00e2ncia da acessibilidade e a promo\u00e7\u00e3o de um ambiente mais inclusivo e igualit\u00e1rio para todos.<\/p>\n<h5 class=\"wp-block-heading\"><strong>Inser\u00e7\u00e3o no ensino regular<\/strong><\/h5>\n<p>Entre os processos de maior destaque sobre o tema est\u00e1 a A\u00e7\u00e3o Direta de Inconstitucionalidade\u00a0<strong><a href=\"https:\/\/portal.stf.jus.br\/processos\/detalhe.asp?incidente=4818214\" target=\"_blank\" rel=\"noreferrer noopener\" data-type=\"URL\" data-id=\"https:\/\/portal.stf.jus.br\/processos\/detalhe.asp?incidente=4818214\">(ADI) 5357<\/a><\/strong>, em que o Plen\u00e1rio decidiu que escolas particulares devem cumprir normas do Estatuto da Pessoa com Defici\u00eancia (Lei 13.146\/2015). A lei obriga essas institui\u00e7\u00f5es a inserir pessoas com defici\u00eancia no ensino regular e prover as adapta\u00e7\u00f5es necess\u00e1rias sem repassar custos \u00e0s mensalidades, anuidades e matr\u00edculas.<\/p>\n<h5 class=\"wp-block-heading\"><strong>Concursos p\u00fablicos<\/strong><\/h5>\n<p>No julgamento da\u00a0<strong><a href=\"https:\/\/portal.stf.jus.br\/processos\/detalhe.asp?incidente=5949232\" target=\"_blank\" rel=\"noreferrer noopener\" data-type=\"URL\" data-id=\"https:\/\/portal.stf.jus.br\/processos\/detalhe.asp?incidente=5949232\">ADI 6476<\/a><\/strong>, o Supremo afastou interpreta\u00e7\u00f5es do Decreto 9.546\/2018 que retiravam o direito de candidatos com defici\u00eancia \u00e0 adapta\u00e7\u00e3o razo\u00e1vel em provas f\u00edsicas de concursos p\u00fablicos. O Tribunal tamb\u00e9m considerou inconstitucional submeter candidatos com e sem defici\u00eancia aos mesmos crit\u00e9rios em provas f\u00edsicas, sem demonstrar sua necessidade para o exerc\u00edcio da fun\u00e7\u00e3o p\u00fablica.<\/p>\n<h5 class=\"wp-block-heading\"><strong>Dedu\u00e7\u00e3o de IR<\/strong><\/h5>\n<p>O STF entendeu, ao examinar a\u00a0<strong><a href=\"https:\/\/portal.stf.jus.br\/processos\/detalhe.asp?incidente=5038101\" target=\"_blank\" rel=\"noreferrer noopener\" data-type=\"URL\" data-id=\"https:\/\/portal.stf.jus.br\/processos\/detalhe.asp?incidente=5038101\">ADI 5583<\/a><\/strong>, que trabalhador com defici\u00eancia pode ser considerado dependente para dedu\u00e7\u00e3o do imposto sobre a renda. O Plen\u00e1rio decidiu que, na apura\u00e7\u00e3o do imposto, a pessoa com defici\u00eancia com mais de 21 anos e capacitada para o trabalho pode ser considerada dependente quando sua remunera\u00e7\u00e3o n\u00e3o exceder as dedu\u00e7\u00f5es autorizadas por lei.<\/p>\n<h5 class=\"wp-block-heading\"><strong>Adapta\u00e7\u00e3o de computadores<\/strong><\/h5>\n<p>Ao julgar agravo regimental no Recurso Extraordin\u00e1rio\u00a0<strong><a href=\"https:\/\/portal.stf.jus.br\/processos\/detalhe.asp?incidente=4175796\" target=\"_blank\" rel=\"noreferrer noopener\" data-type=\"URL\" data-id=\"https:\/\/portal.stf.jus.br\/processos\/detalhe.asp?incidente=4175796\">(RE) 665381<\/a><\/strong>, a Segunda Turma do STF considerou v\u00e1lida lei do Munic\u00edpio do Rio de Janeiro que tornou obrigat\u00f3ria a adapta\u00e7\u00e3o de computadores para pessoas com defici\u00eancia visual em lan houses, cyber caf\u00e9s e estabelecimentos similares. O colegiado fixou entendimento de que, na aus\u00eancia de lei nacional e estadual sobre a quest\u00e3o, o munic\u00edpio tem compet\u00eancia para cuidar da mat\u00e9ria em seu territ\u00f3rio.<\/p>\n<h5 class=\"wp-block-heading\"><strong>Cota de ve\u00edculos adaptados<\/strong><\/h5>\n<p>O Supremo tamb\u00e9m se pronunciou sobre cotas de ve\u00edculos adaptados para pessoas com defici\u00eancia em locadoras. Em decis\u00e3o un\u00e2nime na\u00a0<strong><a href=\"https:\/\/portal.stf.jus.br\/processos\/detalhe.asp?incidente=4915554\" target=\"_blank\" rel=\"noreferrer noopener\" data-type=\"URL\" data-id=\"https:\/\/portal.stf.jus.br\/processos\/detalhe.asp?incidente=4915554\">ADI 5452<\/a><\/strong>, o Tribunal manteve a validade de dispositivo do Estatuto da Pessoa com Defici\u00eancia que exige um ve\u00edculo adaptado a cada 20 autom\u00f3veis da frota.<\/p>\n<h5 class=\"wp-block-heading\"><strong>Educa\u00e7\u00e3o inclusiva<\/strong><\/h5>\n<p>Ano passado, o Plen\u00e1rio invalidou lei do Amap\u00e1 que criava condi\u00e7\u00f5es para o reconhecimento de defici\u00eancia de estudantes da rede p\u00fablica e exigia comprova\u00e7\u00e3o por meio de laudo m\u00e9dico para recebimento dos benef\u00edcios. A norma tamb\u00e9m liberava institui\u00e7\u00f5es de ensino consideradas despreparadas de receber estudantes com defici\u00eancia.<\/p>\n<p>Por unanimidade, no julgamento da\u00a0<strong><a href=\"https:\/\/portal.stf.jus.br\/processos\/detalhe.asp?incidente=6304183\" target=\"_blank\" rel=\"noreferrer noopener\" data-type=\"URL\" data-id=\"https:\/\/portal.stf.jus.br\/processos\/detalhe.asp?incidente=6304183\">ADI 7028<\/a><\/strong>, a Corte entendeu que a norma, embora priorizasse pessoas com defici\u00eancia em escolas p\u00fablicas pr\u00f3ximas \u00e0 resid\u00eancia, criou conceitos e condi\u00e7\u00f5es que afrontam a Constitui\u00e7\u00e3o Federal. O Tribunal tamb\u00e9m concluiu que a lei poderia fixar prazo razo\u00e1vel para adapta\u00e7\u00e3o das escolas, mas n\u00e3o exclu\u00ed-las do dever de prestar educa\u00e7\u00e3o inclusiva.<\/p>\n<h5 class=\"wp-block-heading\"><strong>Em tr\u00e2mite<\/strong><\/h5>\n<p>Tramita no Tribunal a\u00a0<strong><a href=\"https:\/\/portal.stf.jus.br\/processos\/detalhe.asp?incidente=5311945\" target=\"_blank\" rel=\"noreferrer noopener\" data-type=\"URL\" data-id=\"https:\/\/portal.stf.jus.br\/processos\/detalhe.asp?incidente=5311945\">ADI 5820<\/a><\/strong>, em que a Federa\u00e7\u00e3o Nacional de Educa\u00e7\u00e3o e Integra\u00e7\u00e3o dos Surdos (Feneis) questiona dispositivo de lei federal que impede o uso da L\u00edngua Brasileira de Sinais (Libras) em substitui\u00e7\u00e3o \u00e0 modalidade escrita da l\u00edngua portuguesa. A entidade sustenta que a proibi\u00e7\u00e3o do uso da Libras pelos surdos em processos seletivos implica grave ofensa \u00e0 Constitui\u00e7\u00e3o Federal.<\/p>\n<p>STF<\/p>\n","protected":false},"excerpt":{"rendered":"<p>Neste s\u00e1bado (21) comemora-se o Dia Nacional da Luta da Pessoa com Defici\u00eancia, institu\u00eddo pela Lei 11.133\/2005. A celebra\u00e7\u00e3o visa garantir a participa\u00e7\u00e3o dessas pessoas na sociedade de maneira igualit\u00e1ria e sem preconceitos. O m\u00eas tamb\u00e9m \u00e9 marcado pela campanha Setembro Verde, que conscientiza para a luta contra o capacitismo e celebra a\u00e7\u00f5es e conquistas &hellip;<\/p>\n","protected":false},"author":1,"featured_media":98199,"comment_status":"open","ping_status":"open","sticky":false,"template":"","format":"standard","meta":{"footnotes":""},"categories":[9],"tags":[],"class_list":["post-122997","post","type-post","status-publish","format-standard","has-post-thumbnail","hentry","category-justica"],"_links":{"self":[{"href":"https:\/\/iparaiba.com.br\/index.php\/wp-json\/wp\/v2\/posts\/122997","targetHints":{"allow":["GET"]}}],"collection":[{"href":"https:\/\/iparaiba.com.br\/index.php\/wp-json\/wp\/v2\/posts"}],"about":[{"href":"https:\/\/iparaiba.com.br\/index.php\/wp-json\/wp\/v2\/types\/post"}],"author":[{"embeddable":true,"href":"https:\/\/iparaiba.com.br\/index.php\/wp-json\/wp\/v2\/users\/1"}],"replies":[{"embeddable":true,"href":"https:\/\/iparaiba.com.br\/index.php\/wp-json\/wp\/v2\/comments?post=122997"}],"version-history":[{"count":0,"href":"https:\/\/iparaiba.com.br\/index.php\/wp-json\/wp\/v2\/posts\/122997\/revisions"}],"wp:featuredmedia":[{"embeddable":true,"href":"https:\/\/iparaiba.com.br\/index.php\/wp-json\/wp\/v2\/media\/98199"}],"wp:attachment":[{"href":"https:\/\/iparaiba.com.br\/index.php\/wp-json\/wp\/v2\/media?parent=122997"}],"wp:term":[{"taxonomy":"category","embeddable":true,"href":"https:\/\/iparaiba.com.br\/index.php\/wp-json\/wp\/v2\/categories?post=122997"},{"taxonomy":"post_tag","embeddable":true,"href":"https:\/\/iparaiba.com.br\/index.php\/wp-json\/wp\/v2\/tags?post=122997"}],"curies":[{"name":"wp","href":"https:\/\/api.w.org\/{rel}","templated":true}]}}