{"id":122996,"date":"2024-09-25T11:00:11","date_gmt":"2024-09-25T14:00:11","guid":{"rendered":"https:\/\/onordeste.com.br\/?p=122988"},"modified":"2024-09-25T11:00:11","modified_gmt":"2024-09-25T14:00:11","slug":"associacao-pede-que-stf-valide-necessidade-de-ordem-judicial-para-acessar-registros-de-usuarios-na-internet","status":"publish","type":"post","link":"https:\/\/iparaiba.com.br\/index.php\/2024\/09\/25\/associacao-pede-que-stf-valide-necessidade-de-ordem-judicial-para-acessar-registros-de-usuarios-na-internet\/","title":{"rendered":"Associa\u00e7\u00e3o pede que STF valide necessidade de ordem judicial para acessar registros de usu\u00e1rios na internet"},"content":{"rendered":"<p>A Associa\u00e7\u00e3o Brasileira de Provedores de Internet e Telecomunica\u00e7\u00f5es (Abrint) pede ao Supremo Tribunal Federal (STF) que declare a validade de trecho do Marco Civil da Internet para garantir que dados de registro de conex\u00e3o s\u00f3 possam ser acessados mediante decis\u00e3o judicial.<\/p>\n<p>Na A\u00e7\u00e3o Declarat\u00f3ria de Constitucionalidade\u00a0<strong><a href=\"https:\/\/portal.stf.jus.br\/processos\/detalhe.asp?incidente=7036064\" target=\"_blank\" rel=\"noreferrer noopener\" data-type=\"URL\" data-id=\"https:\/\/portal.stf.jus.br\/processos\/detalhe.asp?incidente=7036064\">(ADC) 91<\/a><\/strong>, a Abrint discute o par\u00e1grafo 1\u00ba do artigo 10 do Marco Civil da Internet (Lei 12.965\/2014). O texto prev\u00ea que dados de registro de conex\u00e3o, como o IP (informa\u00e7\u00e3o utilizada para identificar usu\u00e1rios), s\u00f3 podem ser disponibilizados mediante ordem judicial.<\/p>\n<p>No entanto, dados cadastrais podem ser requisitados diretamente, sem a necessidade de decis\u00e3o do Judici\u00e1rio. Segundo a associa\u00e7\u00e3o, h\u00e1 uma \u2018confus\u00e3o\u2019 das autoridades sobre quais dados se enquadram nesse conceito, e, com isso, acabam pedindo informa\u00e7\u00f5es que estariam protegidas por sigilo.<\/p>\n<p>A entidade explica que, ao identificar um n\u00famero de telefone e associ\u00e1-lo a um usu\u00e1rio, apenas os dados cadastrais ser\u00e3o apresentados. Por outro lado, a identifica\u00e7\u00e3o por meio de um IP, aliado a dados de data, hora e fuso hor\u00e1rio de conex\u00e3o, permite acesso \u00e0s informa\u00e7\u00f5es relativas \u00e0s comunica\u00e7\u00f5es desse usu\u00e1rio na internet, que apenas podem ser obtidos com autoriza\u00e7\u00e3o judicial.<\/p>\n<p>Para acabar com as d\u00favidas e esclarecer os limites, a Abrint pede ao STF que reconhe\u00e7a a constitucionalidade da exig\u00eancia da ordem judicial para acesso a dados de registro do usu\u00e1rio, garantindo assim o direito \u00e0 intimidade, \u00e0 vida privada e ao sigilo das comunica\u00e7\u00f5es e a prote\u00e7\u00e3o aos dados pessoais.<\/p>\n<p>A ADC foi distribu\u00edda ao ministro Cristiano Zanin.<\/p>\n<p>STF<\/p>\n","protected":false},"excerpt":{"rendered":"<p>A Associa\u00e7\u00e3o Brasileira de Provedores de Internet e Telecomunica\u00e7\u00f5es (Abrint) pede ao Supremo Tribunal Federal (STF) que declare a validade de trecho do Marco Civil da Internet para garantir que dados de registro de conex\u00e3o s\u00f3 possam ser acessados mediante decis\u00e3o judicial. Na A\u00e7\u00e3o Declarat\u00f3ria de Constitucionalidade\u00a0(ADC) 91, a Abrint discute o par\u00e1grafo 1\u00ba do &hellip;<\/p>\n","protected":false},"author":1,"featured_media":107988,"comment_status":"open","ping_status":"open","sticky":false,"template":"","format":"standard","meta":{"footnotes":""},"categories":[9],"tags":[],"class_list":["post-122996","post","type-post","status-publish","format-standard","has-post-thumbnail","hentry","category-justica"],"_links":{"self":[{"href":"https:\/\/iparaiba.com.br\/index.php\/wp-json\/wp\/v2\/posts\/122996","targetHints":{"allow":["GET"]}}],"collection":[{"href":"https:\/\/iparaiba.com.br\/index.php\/wp-json\/wp\/v2\/posts"}],"about":[{"href":"https:\/\/iparaiba.com.br\/index.php\/wp-json\/wp\/v2\/types\/post"}],"author":[{"embeddable":true,"href":"https:\/\/iparaiba.com.br\/index.php\/wp-json\/wp\/v2\/users\/1"}],"replies":[{"embeddable":true,"href":"https:\/\/iparaiba.com.br\/index.php\/wp-json\/wp\/v2\/comments?post=122996"}],"version-history":[{"count":0,"href":"https:\/\/iparaiba.com.br\/index.php\/wp-json\/wp\/v2\/posts\/122996\/revisions"}],"wp:featuredmedia":[{"embeddable":true,"href":"https:\/\/iparaiba.com.br\/index.php\/wp-json\/wp\/v2\/media\/107988"}],"wp:attachment":[{"href":"https:\/\/iparaiba.com.br\/index.php\/wp-json\/wp\/v2\/media?parent=122996"}],"wp:term":[{"taxonomy":"category","embeddable":true,"href":"https:\/\/iparaiba.com.br\/index.php\/wp-json\/wp\/v2\/categories?post=122996"},{"taxonomy":"post_tag","embeddable":true,"href":"https:\/\/iparaiba.com.br\/index.php\/wp-json\/wp\/v2\/tags?post=122996"}],"curies":[{"name":"wp","href":"https:\/\/api.w.org\/{rel}","templated":true}]}}