{"id":122992,"date":"2024-09-25T17:44:49","date_gmt":"2024-09-25T20:44:49","guid":{"rendered":"https:\/\/onordeste.com.br\/?p=122980"},"modified":"2024-09-25T17:44:49","modified_gmt":"2024-09-25T20:44:49","slug":"mais-de-20-milhoes-de-jovens-poderao-ir-as-urnas","status":"publish","type":"post","link":"https:\/\/iparaiba.com.br\/index.php\/2024\/09\/25\/mais-de-20-milhoes-de-jovens-poderao-ir-as-urnas\/","title":{"rendered":"Mais de 20 milh\u00f5es de jovens poder\u00e3o ir \u00e0s urnas"},"content":{"rendered":"<p>O\u00a0n\u00famero de jovens eleitoras e eleitores cresceu significativamente em 2024.\u00a0Com um aumento de 78% no alistamento eleitoral desse p\u00fablico em compara\u00e7\u00e3o a 2020, mais de 1,8 milh\u00e3o de pessoas de 16 e 17 anos estar\u00e3o aptas a votar facultativamente no pleito de outubro. A faixa et\u00e1ria de 18 a 24 anos soma 18,3 milh\u00f5es de votantes, refor\u00e7ando a possibilidade de uma grande participa\u00e7\u00e3o do p\u00fablico jovem nas elei\u00e7\u00f5es deste ano.<\/p>\n<h3 id=\"titulo-0\">Eleitorado jovem nas Elei\u00e7\u00f5es 2024<\/h3>\n<p>Em 6 de outubro, no 1\u00ba turno das Elei\u00e7\u00f5es Municipais de 2024, um total de 155.912.680 eleitoras e eleitores poder\u00e3o ir \u00e0s urnas para eleger representantes aos cargos de prefeito, vice-prefeito e vereador. Desses, 20.164.525 t\u00eam entre 16 e 24 anos, o que representa 12% do eleitorado, sendo 10.219.777 mulheres (51%) e 9.944.748 homens (49%).<\/p>\n<p>Entre os jovens de 16 e 17 anos, para os quais o voto \u00e9 facultativo, 1.836.081 eleitoras e eleitores est\u00e3o inscritos para votar, o que representa 1% do total do eleitorado. Desse total, 921.342 s\u00e3o mulheres (51%) e 914.739 s\u00e3o homens (49%).<\/p>\n<p>Para a faixa et\u00e1ria de 18 a 24 anos, o n\u00famero de eleitores \u00e9 de 18.328.444, sendo 9.298.435 mulheres (51%) e 9.030.009 homens (49%).<\/p>\n<h3 id=\"titulo-1\">Campanhas de incentivo ao alistamento eleitoral<\/h3>\n<p>O Tribunal Superior Eleitoral (TSE) promoveu diversas campanhas ao longo dos \u00faltimos meses para incentivar a juventude a se alistar e participar do processo eleitoral. Entre as principais a\u00e7\u00f5es, a\u00a0<a href=\"https:\/\/www.tse.jus.br\/comunicacao\/noticias\/2024\/Abril\/semana-do-jovem-eleitor-bate-recorde-de-alistamentos-em-anos-de-eleicoes-municipais\">&#8220;Semana do Jovem Eleitor&#8221;,<\/a>\u00a0realizada de 18 a 22 de mar\u00e7o, destacou-se por incentivar adolescentes de 16 a 18 anos a emitirem o primeiro t\u00edtulo de eleitor.<\/p>\n<p>A campanha\u00a0<a href=\"https:\/\/www.tse.jus.br\/comunicacao\/noticias\/2024\/Abril\/eleitor-tem-um-mes-para-regularizar-o-titulo-e-poder-votar-nas-eleicoes-2024\">&#8220;T\u00edtulo na m\u00e3o \u00e9 sossego na elei\u00e7\u00e3o&#8221;<\/a>, veiculada em emissoras de r\u00e1dio e televis\u00e3o at\u00e9 o fechamento do cadastro eleitoral, em 9 de maio, tamb\u00e9m teve um impacto expressivo e ressaltou a import\u00e2ncia da regulariza\u00e7\u00e3o da situa\u00e7\u00e3o eleitoral para votar com tranquilidade.<\/p>\n","protected":false},"excerpt":{"rendered":"<p>O\u00a0n\u00famero de jovens eleitoras e eleitores cresceu significativamente em 2024.\u00a0Com um aumento de 78% no alistamento eleitoral desse p\u00fablico em compara\u00e7\u00e3o a 2020, mais de 1,8 milh\u00e3o de pessoas de 16 e 17 anos estar\u00e3o aptas a votar facultativamente no pleito de outubro. A faixa et\u00e1ria de 18 a 24 anos soma 18,3 milh\u00f5es de &hellip;<\/p>\n","protected":false},"author":1,"featured_media":108162,"comment_status":"open","ping_status":"open","sticky":false,"template":"","format":"standard","meta":{"footnotes":""},"categories":[8],"tags":[],"class_list":["post-122992","post","type-post","status-publish","format-standard","has-post-thumbnail","hentry","category-politica"],"_links":{"self":[{"href":"https:\/\/iparaiba.com.br\/index.php\/wp-json\/wp\/v2\/posts\/122992","targetHints":{"allow":["GET"]}}],"collection":[{"href":"https:\/\/iparaiba.com.br\/index.php\/wp-json\/wp\/v2\/posts"}],"about":[{"href":"https:\/\/iparaiba.com.br\/index.php\/wp-json\/wp\/v2\/types\/post"}],"author":[{"embeddable":true,"href":"https:\/\/iparaiba.com.br\/index.php\/wp-json\/wp\/v2\/users\/1"}],"replies":[{"embeddable":true,"href":"https:\/\/iparaiba.com.br\/index.php\/wp-json\/wp\/v2\/comments?post=122992"}],"version-history":[{"count":0,"href":"https:\/\/iparaiba.com.br\/index.php\/wp-json\/wp\/v2\/posts\/122992\/revisions"}],"wp:featuredmedia":[{"embeddable":true,"href":"https:\/\/iparaiba.com.br\/index.php\/wp-json\/wp\/v2\/media\/108162"}],"wp:attachment":[{"href":"https:\/\/iparaiba.com.br\/index.php\/wp-json\/wp\/v2\/media?parent=122992"}],"wp:term":[{"taxonomy":"category","embeddable":true,"href":"https:\/\/iparaiba.com.br\/index.php\/wp-json\/wp\/v2\/categories?post=122992"},{"taxonomy":"post_tag","embeddable":true,"href":"https:\/\/iparaiba.com.br\/index.php\/wp-json\/wp\/v2\/tags?post=122992"}],"curies":[{"name":"wp","href":"https:\/\/api.w.org\/{rel}","templated":true}]}}