{"id":122990,"date":"2024-09-25T08:42:08","date_gmt":"2024-09-25T11:42:08","guid":{"rendered":"https:\/\/onordeste.com.br\/?p=122976"},"modified":"2024-09-25T08:42:08","modified_gmt":"2024-09-25T11:42:08","slug":"levantamento-do-tcu-avalia-praticas-socioambientais-das-organizacoes-publicas-2","status":"publish","type":"post","link":"https:\/\/iparaiba.com.br\/index.php\/2024\/09\/25\/levantamento-do-tcu-avalia-praticas-socioambientais-das-organizacoes-publicas-2\/","title":{"rendered":"Levantamento do TCU avalia pr\u00e1ticas socioambientais das organiza\u00e7\u00f5es p\u00fablicas"},"content":{"rendered":"<p>O Tribunal de Contas da Uni\u00e3o (TCU) avaliou a governan\u00e7a integrada e as pr\u00e1ticas socioambientais de 387 organiza\u00e7\u00f5es da administra\u00e7\u00e3o p\u00fablica federal. O levantamento foi feito por meio do\u00a0<strong>novo \u00edndice de avalia\u00e7\u00e3o de governan\u00e7a organizacional, o iESGo<\/strong>, que substituiu o \u00cdndice Integrado de Governan\u00e7a e Gest\u00e3o p\u00fablicas (iGG) para incluir par\u00e2metros de sustentabilidade social e ambiental. O relator do processo \u00e9 o ministro Vital do R\u00eago, vice-presidente do TCU.<\/p>\n<p>O iESGo foi aplicado pela primeira vez neste ano e constatou que muitas organiza\u00e7\u00f5es ainda est\u00e3o come\u00e7ando a adotar pr\u00e1ticas sustent\u00e1veis, especialmente nas dimens\u00f5es ambiental e social. O levantamento foi feito por meio de\u00a0<strong>question\u00e1rio de autoavalia\u00e7\u00e3o<\/strong>\u00a0enviado \u00e0s organiza\u00e7\u00f5es.<\/p>\n<p>O indicador que analisa a governan\u00e7a em sustentabilidade ambiental apontou que a maioria das organiza\u00e7\u00f5es \u2014 cerca de 60% \u2014 n\u00e3o possui equipe ou respons\u00e1vel com dedica\u00e7\u00e3o integral para tratar do tema. Entre os outros 40%, metade n\u00e3o possui apoio das lideran\u00e7as nas pol\u00edticas e a\u00e7\u00f5es voltados para a \u00e1rea.\u00a0<strong>A implementa\u00e7\u00e3o de medidas para compensar a emiss\u00e3o de gases de efeito estufa teve o pior resultado<\/strong>, com 74% dos \u00f3rg\u00e3os ainda n\u00e3o adotando essas pr\u00e1ticas.<\/p>\n<p>Nas quest\u00f5es referentes \u00e0 governan\u00e7a de sustentabilidade social, o resultado foi semelhante, com aproximadamente 60% das institui\u00e7\u00f5es ainda em est\u00e1gio inicial. O par\u00e2metro que avalia\u00a0<strong>a\u00e7\u00f5es de preven\u00e7\u00e3o e combate ao ass\u00e9dio<\/strong>\u00a0foi o que apresentou o maior n\u00famero de organiza\u00e7\u00f5es com avan\u00e7o significativo: 43% implementam a\u00e7\u00f5es relacionadas ao tema.<\/p>\n","protected":false},"excerpt":{"rendered":"<p>O Tribunal de Contas da Uni\u00e3o (TCU) avaliou a governan\u00e7a integrada e as pr\u00e1ticas socioambientais de 387 organiza\u00e7\u00f5es da administra\u00e7\u00e3o p\u00fablica federal. O levantamento foi feito por meio do\u00a0novo \u00edndice de avalia\u00e7\u00e3o de governan\u00e7a organizacional, o iESGo, que substituiu o \u00cdndice Integrado de Governan\u00e7a e Gest\u00e3o p\u00fablicas (iGG) para incluir par\u00e2metros de sustentabilidade social e &hellip;<\/p>\n","protected":false},"author":1,"featured_media":105658,"comment_status":"open","ping_status":"open","sticky":false,"template":"","format":"standard","meta":{"footnotes":""},"categories":[7],"tags":[],"class_list":["post-122990","post","type-post","status-publish","format-standard","has-post-thumbnail","hentry","category-diversas"],"_links":{"self":[{"href":"https:\/\/iparaiba.com.br\/index.php\/wp-json\/wp\/v2\/posts\/122990","targetHints":{"allow":["GET"]}}],"collection":[{"href":"https:\/\/iparaiba.com.br\/index.php\/wp-json\/wp\/v2\/posts"}],"about":[{"href":"https:\/\/iparaiba.com.br\/index.php\/wp-json\/wp\/v2\/types\/post"}],"author":[{"embeddable":true,"href":"https:\/\/iparaiba.com.br\/index.php\/wp-json\/wp\/v2\/users\/1"}],"replies":[{"embeddable":true,"href":"https:\/\/iparaiba.com.br\/index.php\/wp-json\/wp\/v2\/comments?post=122990"}],"version-history":[{"count":0,"href":"https:\/\/iparaiba.com.br\/index.php\/wp-json\/wp\/v2\/posts\/122990\/revisions"}],"wp:featuredmedia":[{"embeddable":true,"href":"https:\/\/iparaiba.com.br\/index.php\/wp-json\/wp\/v2\/media\/105658"}],"wp:attachment":[{"href":"https:\/\/iparaiba.com.br\/index.php\/wp-json\/wp\/v2\/media?parent=122990"}],"wp:term":[{"taxonomy":"category","embeddable":true,"href":"https:\/\/iparaiba.com.br\/index.php\/wp-json\/wp\/v2\/categories?post=122990"},{"taxonomy":"post_tag","embeddable":true,"href":"https:\/\/iparaiba.com.br\/index.php\/wp-json\/wp\/v2\/tags?post=122990"}],"curies":[{"name":"wp","href":"https:\/\/api.w.org\/{rel}","templated":true}]}}