{"id":122979,"date":"2024-09-25T12:47:18","date_gmt":"2024-09-25T15:47:18","guid":{"rendered":"https:\/\/onordeste.com.br\/?p=122962"},"modified":"2024-09-25T12:47:18","modified_gmt":"2024-09-25T15:47:18","slug":"joao-pessoa-vai-sediar-em-outubro-simposio-do-bem-envelhecer-siben-50mais-pelas-trilhas-da-saude-integrativa","status":"publish","type":"post","link":"https:\/\/iparaiba.com.br\/index.php\/2024\/09\/25\/joao-pessoa-vai-sediar-em-outubro-simposio-do-bem-envelhecer-siben-50mais-pelas-trilhas-da-saude-integrativa\/","title":{"rendered":"Jo\u00e3o Pessoa vai sediar em outubro Simp\u00f3sio do Bem Envelhecer \u2013 SIBEN 50mais: pelas trilhas da Sa\u00fade Integrativa"},"content":{"rendered":"<p><strong>Evento reunir\u00e1 no audit\u00f3rio da Reitoria da UFPB palestrantes e convidados da Para\u00edba e de outros estados para discutir temas voltados ao envelhecimento humano<\/strong><\/p>\n<p>Profissionais, estudantes e o p\u00fablico interessado na tem\u00e1tica do envelhecimento humano ter\u00e3o um encontro marcado entre os dias 30 de outubro e 1\u00ba de novembro deste ano, na Universidade Federal da Para\u00edba (UFPB), quando ser\u00e1 realizado o Simp\u00f3sio do Bem Envelhecer &#8211; SIBEN 50mais: pelas trilhas da Sa\u00fade Integrativa. O evento vai reunir palestrantes da Para\u00edba e de outros estados do Brasil para discutir sobre Medicina Tradicional Chinesa, Ayurveda, Yoga, Avalia\u00e7\u00e3o F\u00edsica, Nutri\u00e7\u00e3o, An\u00e1lise Reichiana, Psicologia Anal\u00edtica (Junguiana) entre outros temas voltados para a popula\u00e7\u00e3o com idade a partir dos 50 anos, os chamados 50mais.<\/p>\n<p>As inscri\u00e7\u00f5es ser\u00e3o realizadas nos dias 14, 15 e 16 de outubro. Para se inscrever basta acessar (nas datas citadas) o link que ficar\u00e1 dispon\u00edvel na bio do Instagram @siben50mais e preencher o formul\u00e1rio. O evento reunir\u00e1 parceiros das iniciativas p\u00fablica, privada e do terceiro setor, a exemplo do Sebrae, Sesc, Sicredi\/Creduni, ag\u00eancias de turismo e pequenos empreendedores dos segmentos de sa\u00fade e lazer que trabalham com a popula\u00e7\u00e3o envelhescente e idosa.<\/p>\n<p>A realiza\u00e7\u00e3o do SIBEN 50mais faz parte das comemora\u00e7\u00f5es de 50 anos do Centro de Ci\u00eancias da Sa\u00fade (CCS) da Universidade Federal da Para\u00edba (UFPB), que ao longo das \u00faltimas d\u00e9cadas vem trabalhando na forma\u00e7\u00e3o, pesquisa e extens\u00e3o na \u00e1rea da sa\u00fade da popula\u00e7\u00e3o acima dos 50 anos de idade. A proposta, neste evento, \u00e9 promover uma discuss\u00e3o fecunda sobre o bem envelhecer e a sa\u00fade integrativa, apresentando um espa\u00e7o para reunir pessoas com atua\u00e7\u00e3o nos setores p\u00fablico e privado, terceiro setor e tamb\u00e9m dos envelhescentes e idosos.<\/p>\n<p><a href=\"https:\/\/iparaiba.com.br\/wp-content\/uploads\/2024\/09\/palestrante4.jpg\"><img loading=\"lazy\" decoding=\"async\" class=\"alignright size-full wp-image-122967\" src=\"https:\/\/iparaiba.com.br\/wp-content\/uploads\/2024\/09\/palestrante4.jpg\" alt=\"\" width=\"482\" height=\"475\" \/><\/a> <a href=\"https:\/\/iparaiba.com.br\/wp-content\/uploads\/2024\/09\/palestrante3.jpg\"><img loading=\"lazy\" decoding=\"async\" class=\"alignright size-full wp-image-122966\" src=\"https:\/\/iparaiba.com.br\/wp-content\/uploads\/2024\/09\/palestrante3.jpg\" alt=\"\" width=\"459\" height=\"443\" \/><\/a> <a href=\"https:\/\/iparaiba.com.br\/wp-content\/uploads\/2024\/09\/palestrante2.jpg\"><img loading=\"lazy\" decoding=\"async\" class=\"alignright size-full wp-image-122965\" src=\"https:\/\/iparaiba.com.br\/wp-content\/uploads\/2024\/09\/palestrante2.jpg\" alt=\"\" width=\"471\" height=\"454\" \/><\/a> <a href=\"https:\/\/iparaiba.com.br\/wp-content\/uploads\/2024\/09\/palestrante1.jpg\"><img loading=\"lazy\" decoding=\"async\" class=\"alignright wp-image-122964\" src=\"https:\/\/iparaiba.com.br\/wp-content\/uploads\/2024\/09\/palestrante1.jpg\" alt=\"\" width=\"469\" height=\"465\" \/><\/a><\/p>\n<p>Conforme os organizadores do SIBEN 50mais, a realiza\u00e7\u00e3o do evento em Jo\u00e3o Pessoa tem um significado muito especial. Nos \u00faltimos anos, a capital da Para\u00edba se descobriu com uma voca\u00e7\u00e3o para a sa\u00fade integrativa e o lazer dos envelhescentes e idosos. H\u00e1 tamb\u00e9m, no imagin\u00e1rio social dos moradores, turistas e daqueles que est\u00e3o vindo residir em Jo\u00e3o Pessoa, uma associa\u00e7\u00e3o da cidade como lugar que promove qualidade de vida e bem-estar para as pessoas.<\/p>\n<p>Troca de Saberes<\/p>\n<p>O termo envelhescente est\u00e1 associado \u00e0 transi\u00e7\u00e3o entre a idade adulta e o idoso, compreendendo a gera\u00e7\u00e3o na faixa et\u00e1ria dos 45 aos 65 anos. \u00c9 semelhante \u00e0 adolesc\u00eancia, que consiste entre as fases da inf\u00e2ncia e a vida adulta.<\/p>\n<p>Segundo Dilma Brasileiro, copresidente do SIBEN 50mais, para debater este tema o simp\u00f3sio vai estimular a cria\u00e7\u00e3o de estrat\u00e9gias de sa\u00fade integrativa para o p\u00fablico envelhescente e idoso, al\u00e9m de ampliar as a\u00e7\u00f5es voltadas \u00e0s pr\u00e1ticas corporais integrativas e esportivas de lazer, turismo na natureza e de cultura destinadas a este p\u00fablico.<\/p>\n<p>A proposta \u00e9 fortalecer v\u00ednculos entre gestores, empreendedores, profissionais e estudantes da \u00e1rea da sa\u00fade integrativa e do envelhecimento humano, permitindo a troca de saberes e a discuss\u00e3o de a\u00e7\u00f5es conjuntas para a cidade de Jo\u00e3o Pessoa e para o estado da Para\u00edba.<\/p>\n<p>Temas e Palestrantes<\/p>\n<p>Conhe\u00e7a agora os temas das palestras, e respectivos palestrantes, que participar\u00e3o do Simp\u00f3sio do Bem Envelhecer \u2013 SIBEN 50mais: pelas trilhas da Sa\u00fade Integrativa.<\/p>\n<p>\u2022 Erick Schulz (Instituto Naradeva Shala\/SP) com o tema A sa\u00fade e o bem envelhecer: entre o ocidente e o oriente<\/p>\n<p>\u2022 Germana Lucena\/PB e Carol Langoski\/SC (fisioterapeutas e professoras de Yoga) com o tema Pelas trilhas do bem envelhecer: da anatomia humana ao corpo em movimento<\/p>\n<p>\u2022 Erick Schulz\/SP (Terapeuta Ayurveda\/Instituto Naradeva Shala\/SP) A Ayurveda no cuidado do bem envelhecer<\/p>\n<p>\u2022 Dr\u00aa Erika Costa Alves\/PE (fisioterapeuta\/geront\u00f3loga), Dr. Ednaldo Queiroga\/PB (m\u00e9dico\/nutr\u00f3logo) e professor Luciano Oliveira\/PB (professor doutorando de Educa\u00e7\u00e3o F\u00edsica), com tema Conhecer, Nutrir e Avaliar para o bem envelhecer<\/p>\n<p>\u2022 Professora Dilma Brasileiro\/PB (professora Dr\u00aa de Educa\u00e7\u00e3o F\u00edsica) com tema A arte do Bem Viver para o Bem Envelhecer: Lazer, Trabalho, Corpo e Sa\u00fade Integrativa aos 50mais<\/p>\n<p>\u2022 Ana Maria Grimaldi\/SP (psic\u00f3loga\/terapeuta Reichiana) tema O corpo que envelhece na perspectiva da Terapia Reichiana<\/p>\n<p>\u2022 Milena Donato\/PB (psic\u00f3loga anal\u00edtica), Fabianne Arnold\/RS (Medicina Tradicional Chinesa) e Monge Chimon\/Comunidade Zen Budista Daissen\/PB (Medita\u00e7\u00e3o), com tema Pelas trilhas do cuidar de si no Processo do Envelhecimento<\/p>\n<p>* Regina Amorim\/PB (economista\/coordenadora do Sebrae), Arnaldo Poggi\/PB (administrador\/consultor do Sebrae) e Andrea Formiga (Ci\u00eancias da Comunica\u00e7\u00e3o\/consultora do Sebrae). Eles falar\u00e3o sobre O Sebrae e o Sicredi nos Neg\u00f3cios Prateados (50mais)<\/p>\n<p>Nos tr\u00eas dias de realiza\u00e7\u00e3o do SIBEN 50mais ser\u00e3o realizadas experi\u00eancias em sa\u00fade\/lazer com o p\u00fablico 50mais, haver\u00e1 sorteios e brindes, participa\u00e7\u00e3o das empresas, institui\u00e7\u00f5es e associa\u00e7\u00f5es parceiras, a exemplo do Sesc, Criativa Turismo, Associa\u00e7\u00e3o Paraibana de C\u00e2mbio, Caiaque PB e o Espa\u00e7o de Yoga &#8211; Ser Infinito. Haver\u00e1 ainda uma Feirinha de Neg\u00f3cios Prateados e Alimenta\u00e7\u00e3o Saud\u00e1vel, pr\u00e1tica de dan\u00e7a (Bachata e Forr\u00f3) e Taichi-Tais\u00f4, com Alice Satomi.<\/p>\n<p>Fotos e texto: Assessoria de Imprensa &#8211;\u00a0 Ana Cl\u00e1udia Papes<\/p>\n","protected":false},"excerpt":{"rendered":"<p>Evento reunir\u00e1 no audit\u00f3rio da Reitoria da UFPB palestrantes e convidados da Para\u00edba e de outros estados para discutir temas voltados ao envelhecimento humano Profissionais, estudantes e o p\u00fablico interessado na tem\u00e1tica do envelhecimento humano ter\u00e3o um encontro marcado entre os dias 30 de outubro e 1\u00ba de novembro deste ano, na Universidade Federal da &hellip;<\/p>\n","protected":false},"author":1,"featured_media":122980,"comment_status":"open","ping_status":"open","sticky":false,"template":"","format":"standard","meta":{"footnotes":""},"categories":[6],"tags":[],"class_list":["post-122979","post","type-post","status-publish","format-standard","has-post-thumbnail","hentry","category-destaques"],"_links":{"self":[{"href":"https:\/\/iparaiba.com.br\/index.php\/wp-json\/wp\/v2\/posts\/122979","targetHints":{"allow":["GET"]}}],"collection":[{"href":"https:\/\/iparaiba.com.br\/index.php\/wp-json\/wp\/v2\/posts"}],"about":[{"href":"https:\/\/iparaiba.com.br\/index.php\/wp-json\/wp\/v2\/types\/post"}],"author":[{"embeddable":true,"href":"https:\/\/iparaiba.com.br\/index.php\/wp-json\/wp\/v2\/users\/1"}],"replies":[{"embeddable":true,"href":"https:\/\/iparaiba.com.br\/index.php\/wp-json\/wp\/v2\/comments?post=122979"}],"version-history":[{"count":0,"href":"https:\/\/iparaiba.com.br\/index.php\/wp-json\/wp\/v2\/posts\/122979\/revisions"}],"wp:featuredmedia":[{"embeddable":true,"href":"https:\/\/iparaiba.com.br\/index.php\/wp-json\/wp\/v2\/media\/122980"}],"wp:attachment":[{"href":"https:\/\/iparaiba.com.br\/index.php\/wp-json\/wp\/v2\/media?parent=122979"}],"wp:term":[{"taxonomy":"category","embeddable":true,"href":"https:\/\/iparaiba.com.br\/index.php\/wp-json\/wp\/v2\/categories?post=122979"},{"taxonomy":"post_tag","embeddable":true,"href":"https:\/\/iparaiba.com.br\/index.php\/wp-json\/wp\/v2\/tags?post=122979"}],"curies":[{"name":"wp","href":"https:\/\/api.w.org\/{rel}","templated":true}]}}