{"id":122972,"date":"2024-09-23T12:36:00","date_gmt":"2024-09-23T15:36:00","guid":{"rendered":"https:\/\/onordeste.com.br\/?p=122947"},"modified":"2024-09-23T12:36:00","modified_gmt":"2024-09-23T15:36:00","slug":"camara-realiza-sessao-em-homenagem-aos-30-anos-da-funasa-saude","status":"publish","type":"post","link":"https:\/\/iparaiba.com.br\/index.php\/2024\/09\/23\/camara-realiza-sessao-em-homenagem-aos-30-anos-da-funasa-saude\/","title":{"rendered":"C\u00e2mara realiza sess\u00e3o em homenagem aos 30 anos da Funasa Sa\u00fade"},"content":{"rendered":"<p>A C\u00e2mara Municipal de Jo\u00e3o Pessoa (CMJP) realiza nesta segunda-feira, dia 23, \u00e0s 14h30, sess\u00e3o especial para marcar os 30 anos de funda\u00e7\u00e3o da Funasa Sa\u00fade, associa\u00e7\u00e3o genuinamente paraibana, sem finalidade lucrativa, que opera planos de sa\u00fade. O requerimento para a realiza\u00e7\u00e3o da sess\u00e3o especial<br \/>\n\u00e9 de autoria do vereador Thiago Lucena (Democracia Crist\u00e3).<\/p>\n<p>\u201c\u00c9 uma satisfa\u00e7\u00e3o enorme celebrar os 30 anos da Funasa Sa\u00fade, que \u00e9 uma institui\u00e7\u00e3o que desempenhou e continua a desempenhar um papel importante para a cidade. \u00c9 com muita alegria que eu convoquei essa sess\u00e3o na C\u00e2mara Municipal para homenagear essa trajet\u00f3ria\u201d, ressalta Thiago Lucena. O vereador lembra que possui v\u00ednculos afetivos com a Funasa Sa\u00fade.<\/p>\n<p>\u201cEu tenho mem\u00f3rias afetivas. O meu pai, Potengi Lucena, foi um dos respons\u00e1veis pela cria\u00e7\u00e3o da Funasa Sa\u00fade. Na \u00e9poca como diretor da antiga Saelpa ele estabeleceu a primeira comiss\u00e3o com o prop\u00f3sito da cria\u00e7\u00e3o da Funasa Sa\u00fade\u201d. Thiago Lucena complementa que \u201ceste \u00e9 um momento de reconhecimento, n\u00e3o apenas da hist\u00f3ria da Funasa Sa\u00fade, mas tamb\u00e9m do compromisso da C\u00e2mara Municipal em realizar este ato comemorativo. Eu desejo muito sucesso \u00e0 Funasa Sa\u00fade na miss\u00e3o de cuidar e servir \u00e0 nossa<br \/>\ncomunidade\u201d.<\/p>\n","protected":false},"excerpt":{"rendered":"<p>A C\u00e2mara Municipal de Jo\u00e3o Pessoa (CMJP) realiza nesta segunda-feira, dia 23, \u00e0s 14h30, sess\u00e3o especial para marcar os 30 anos de funda\u00e7\u00e3o da Funasa Sa\u00fade, associa\u00e7\u00e3o genuinamente paraibana, sem finalidade lucrativa, que opera planos de sa\u00fade. O requerimento para a realiza\u00e7\u00e3o da sess\u00e3o especial \u00e9 de autoria do vereador Thiago Lucena (Democracia Crist\u00e3). \u201c\u00c9 &hellip;<\/p>\n","protected":false},"author":1,"featured_media":99615,"comment_status":"open","ping_status":"open","sticky":false,"template":"","format":"standard","meta":{"footnotes":""},"categories":[8],"tags":[],"class_list":["post-122972","post","type-post","status-publish","format-standard","has-post-thumbnail","hentry","category-politica"],"_links":{"self":[{"href":"https:\/\/iparaiba.com.br\/index.php\/wp-json\/wp\/v2\/posts\/122972","targetHints":{"allow":["GET"]}}],"collection":[{"href":"https:\/\/iparaiba.com.br\/index.php\/wp-json\/wp\/v2\/posts"}],"about":[{"href":"https:\/\/iparaiba.com.br\/index.php\/wp-json\/wp\/v2\/types\/post"}],"author":[{"embeddable":true,"href":"https:\/\/iparaiba.com.br\/index.php\/wp-json\/wp\/v2\/users\/1"}],"replies":[{"embeddable":true,"href":"https:\/\/iparaiba.com.br\/index.php\/wp-json\/wp\/v2\/comments?post=122972"}],"version-history":[{"count":0,"href":"https:\/\/iparaiba.com.br\/index.php\/wp-json\/wp\/v2\/posts\/122972\/revisions"}],"wp:featuredmedia":[{"embeddable":true,"href":"https:\/\/iparaiba.com.br\/index.php\/wp-json\/wp\/v2\/media\/99615"}],"wp:attachment":[{"href":"https:\/\/iparaiba.com.br\/index.php\/wp-json\/wp\/v2\/media?parent=122972"}],"wp:term":[{"taxonomy":"category","embeddable":true,"href":"https:\/\/iparaiba.com.br\/index.php\/wp-json\/wp\/v2\/categories?post=122972"},{"taxonomy":"post_tag","embeddable":true,"href":"https:\/\/iparaiba.com.br\/index.php\/wp-json\/wp\/v2\/tags?post=122972"}],"curies":[{"name":"wp","href":"https:\/\/api.w.org\/{rel}","templated":true}]}}