{"id":122970,"date":"2024-09-25T12:37:16","date_gmt":"2024-09-25T15:37:16","guid":{"rendered":"https:\/\/onordeste.com.br\/?p=122970"},"modified":"2024-09-25T12:37:16","modified_gmt":"2024-09-25T15:37:16","slug":"projeto-proibe-acumulo-de-cargo-de-motorista-e-cobrador-de-onibus","status":"publish","type":"post","link":"https:\/\/iparaiba.com.br\/index.php\/2024\/09\/25\/projeto-proibe-acumulo-de-cargo-de-motorista-e-cobrador-de-onibus\/","title":{"rendered":"Projeto pro\u00edbe ac\u00famulo de cargo de motorista e cobrador de \u00f4nibus"},"content":{"rendered":"<p>O Projeto de Lei 2843\/24 pro\u00edbe a acumula\u00e7\u00e3o de cargos de motorista de \u00f4nibus e de cobrador. A proposta estabelece pena de <span id=\"4293\" class=\"termoGlossario\" title=\"\" contenteditable=\"false\" data-toggle=\"tooltip\" data-placement=\"top\" data-original-title=\"Pena privativa de liberdade que se cumpre em regime aberto ou semiaberto, salvo transfer\u00eancia excepcional para o regime fechado. \u00c9 menos severa que a reclus\u00e3o e mais rigorosa que a pris\u00e3o simples.\">deten\u00e7\u00e3o<\/span> de seis meses e multa para o s\u00f3cio de empresa que exigir ou permitir a pr\u00e1tica.<\/p>\n<p>A proposta \u00e9 de autoria da suplente de deputada Loreny (Solidariedade-SP), atualmente fora do exerc\u00edcio do mandato, apoiada pelos deputados Aureo Ribeiro (Solidariedade-RJ) e Luiz Carlos Motta (PL-SP). O texto est\u00e1 em an\u00e1lise na C\u00e2mara dos Deputados.<\/p>\n<p>Loreny afirma que o ac\u00famulo das fun\u00e7\u00f5es de motorista e de cobrador nos transportes coletivos coloca em risco a seguran\u00e7a de passageiros, motoristas e pedestres, al\u00e9m de submeter os trabalhadores a condi\u00e7\u00f5es prec\u00e1rias e degradantes.<\/p>\n<p>\u201cA principal fun\u00e7\u00e3o do motorista \u00e9 conduzir o ve\u00edculo com total aten\u00e7\u00e3o e responsabilidade\u201d, diz a autora. \u201cAo acumular fun\u00e7\u00f5es, o motorista se v\u00ea obrigado a desviar a aten\u00e7\u00e3o da dire\u00e7\u00e3o, e a distra\u00e7\u00e3o aumenta significativamente o risco de acidentes\u201d, acrescenta.<\/p>\n<p>O projeto inclui a proibi\u00e7\u00e3o no <a href=\"https:\/\/www2.camara.leg.br\/legin\/fed\/lei\/1997\/lei-9503-23-setembro-1997-372348-norma-pl.html\">C\u00f3digo de Tr\u00e2nsito Brasileiro<\/a>.<\/p>\n<p><strong>Pr\u00f3ximos passos<\/strong><br \/>\nA proposta ser\u00e1 analisada pelas comiss\u00f5es de Via\u00e7\u00e3o e Transportes; e de Constitui\u00e7\u00e3o e Justi\u00e7a e de Cidadania antes de ser votada pelo Plen\u00e1rio da C\u00e2mara.<\/p>\n<p>Para virar lei, o texto precisa ser aprovado pela C\u00e2mara dos Deputados e pelo Senado Federal.<\/p>\n<p>Fonte: Ag\u00eancia C\u00e2mara de Not\u00edcias<\/p>\n","protected":false},"excerpt":{"rendered":"<p>O Projeto de Lei 2843\/24 pro\u00edbe a acumula\u00e7\u00e3o de cargos de motorista de \u00f4nibus e de cobrador. A proposta estabelece pena de deten\u00e7\u00e3o de seis meses e multa para o s\u00f3cio de empresa que exigir ou permitir a pr\u00e1tica. A proposta \u00e9 de autoria da suplente de deputada Loreny (Solidariedade-SP), atualmente fora do exerc\u00edcio do &hellip;<\/p>\n","protected":false},"author":1,"featured_media":105099,"comment_status":"open","ping_status":"open","sticky":false,"template":"","format":"standard","meta":{"footnotes":""},"categories":[15],"tags":[],"class_list":["post-122970","post","type-post","status-publish","format-standard","has-post-thumbnail","hentry","category-links"],"_links":{"self":[{"href":"https:\/\/iparaiba.com.br\/index.php\/wp-json\/wp\/v2\/posts\/122970","targetHints":{"allow":["GET"]}}],"collection":[{"href":"https:\/\/iparaiba.com.br\/index.php\/wp-json\/wp\/v2\/posts"}],"about":[{"href":"https:\/\/iparaiba.com.br\/index.php\/wp-json\/wp\/v2\/types\/post"}],"author":[{"embeddable":true,"href":"https:\/\/iparaiba.com.br\/index.php\/wp-json\/wp\/v2\/users\/1"}],"replies":[{"embeddable":true,"href":"https:\/\/iparaiba.com.br\/index.php\/wp-json\/wp\/v2\/comments?post=122970"}],"version-history":[{"count":0,"href":"https:\/\/iparaiba.com.br\/index.php\/wp-json\/wp\/v2\/posts\/122970\/revisions"}],"wp:featuredmedia":[{"embeddable":true,"href":"https:\/\/iparaiba.com.br\/index.php\/wp-json\/wp\/v2\/media\/105099"}],"wp:attachment":[{"href":"https:\/\/iparaiba.com.br\/index.php\/wp-json\/wp\/v2\/media?parent=122970"}],"wp:term":[{"taxonomy":"category","embeddable":true,"href":"https:\/\/iparaiba.com.br\/index.php\/wp-json\/wp\/v2\/categories?post=122970"},{"taxonomy":"post_tag","embeddable":true,"href":"https:\/\/iparaiba.com.br\/index.php\/wp-json\/wp\/v2\/tags?post=122970"}],"curies":[{"name":"wp","href":"https:\/\/api.w.org\/{rel}","templated":true}]}}