{"id":122947,"date":"2024-09-19T17:36:28","date_gmt":"2024-09-19T20:36:28","guid":{"rendered":"https:\/\/onordeste.com.br\/?p=122894"},"modified":"2024-09-19T17:36:28","modified_gmt":"2024-09-19T20:36:28","slug":"oab-abre-inscricoes-para-o-42o-exame-de-ordem-unificado","status":"publish","type":"post","link":"https:\/\/iparaiba.com.br\/index.php\/2024\/09\/19\/oab-abre-inscricoes-para-o-42o-exame-de-ordem-unificado\/","title":{"rendered":"OAB abre inscri\u00e7\u00f5es para o 42\u00ba Exame de Ordem Unificado"},"content":{"rendered":"<p>Est\u00e3o abertas at\u00e9 29 de setembro as inscri\u00e7\u00f5es para o 42\u00ba Exame de Ordem Unificado (EOU). Os interessados podem acessar o\u00a0<a href=\"https:\/\/oab.fgv.br\/\" target=\"_blank\" rel=\"noopener\">site da Funda\u00e7\u00e3o Getulio Vargas<\/a>, institui\u00e7\u00e3o respons\u00e1vel pela aplica\u00e7\u00e3o da prova e realizar o cadastro.<\/p>\n<p><a href=\"https:\/\/s.oab.org.br\/arquivos\/2024\/09\/2a60a0f7-5541-4e93-8065-e9e1defd708f.pdf\" target=\"_blank\" rel=\"noopener\">Clique aqui<\/a>\u00a0para conhecer o edital e o calend\u00e1rio do Exame.<\/p>\n<p>Tamb\u00e9m estar\u00e1 aberto at\u00e9 26 de setembro o per\u00edodo de solicita\u00e7\u00e3o de isen\u00e7\u00e3o da taxa de inscri\u00e7\u00e3o, de R$ 320.<\/p>\n<p>A realiza\u00e7\u00e3o da 1\u00aa fase (prova objetiva) est\u00e1 marcada para 1\u00ba de dezembro deste ano. A 2\u00aa fase, prova pr\u00e1tico-profissional, ser\u00e1 realizada em 16 de fevereiro de 2025.<\/p>\n<p>A aprova\u00e7\u00e3o no Exame de Ordem \u00e9 requisito necess\u00e1rio para a inscri\u00e7\u00e3o nos quadros da OAB como advogado. O Exame de Ordem pode ser prestado por bacharel em Direito, ainda que pendente apenas a sua cola\u00e7\u00e3o de grau, formado em institui\u00e7\u00e3o regularmente credenciada. Poder\u00e3o realiz\u00e1-lo os estudantes do \u00faltimo ano do curso de gradua\u00e7\u00e3o em Direito ou dos dois \u00faltimos semestres.<\/p>\n","protected":false},"excerpt":{"rendered":"<p>Est\u00e3o abertas at\u00e9 29 de setembro as inscri\u00e7\u00f5es para o 42\u00ba Exame de Ordem Unificado (EOU). Os interessados podem acessar o\u00a0site da Funda\u00e7\u00e3o Getulio Vargas, institui\u00e7\u00e3o respons\u00e1vel pela aplica\u00e7\u00e3o da prova e realizar o cadastro. Clique aqui\u00a0para conhecer o edital e o calend\u00e1rio do Exame. Tamb\u00e9m estar\u00e1 aberto at\u00e9 26 de setembro o per\u00edodo de &hellip;<\/p>\n","protected":false},"author":1,"featured_media":107582,"comment_status":"open","ping_status":"open","sticky":false,"template":"","format":"standard","meta":{"footnotes":""},"categories":[9],"tags":[],"class_list":["post-122947","post","type-post","status-publish","format-standard","has-post-thumbnail","hentry","category-justica"],"_links":{"self":[{"href":"https:\/\/iparaiba.com.br\/index.php\/wp-json\/wp\/v2\/posts\/122947","targetHints":{"allow":["GET"]}}],"collection":[{"href":"https:\/\/iparaiba.com.br\/index.php\/wp-json\/wp\/v2\/posts"}],"about":[{"href":"https:\/\/iparaiba.com.br\/index.php\/wp-json\/wp\/v2\/types\/post"}],"author":[{"embeddable":true,"href":"https:\/\/iparaiba.com.br\/index.php\/wp-json\/wp\/v2\/users\/1"}],"replies":[{"embeddable":true,"href":"https:\/\/iparaiba.com.br\/index.php\/wp-json\/wp\/v2\/comments?post=122947"}],"version-history":[{"count":0,"href":"https:\/\/iparaiba.com.br\/index.php\/wp-json\/wp\/v2\/posts\/122947\/revisions"}],"wp:featuredmedia":[{"embeddable":true,"href":"https:\/\/iparaiba.com.br\/index.php\/wp-json\/wp\/v2\/media\/107582"}],"wp:attachment":[{"href":"https:\/\/iparaiba.com.br\/index.php\/wp-json\/wp\/v2\/media?parent=122947"}],"wp:term":[{"taxonomy":"category","embeddable":true,"href":"https:\/\/iparaiba.com.br\/index.php\/wp-json\/wp\/v2\/categories?post=122947"},{"taxonomy":"post_tag","embeddable":true,"href":"https:\/\/iparaiba.com.br\/index.php\/wp-json\/wp\/v2\/tags?post=122947"}],"curies":[{"name":"wp","href":"https:\/\/api.w.org\/{rel}","templated":true}]}}