{"id":122946,"date":"2024-09-19T17:35:51","date_gmt":"2024-09-19T20:35:51","guid":{"rendered":"https:\/\/onordeste.com.br\/?p=122892"},"modified":"2024-09-19T17:35:51","modified_gmt":"2024-09-19T20:35:51","slug":"confira-os-locais-de-prova-da-2a-fase-do-41o-exame-de-ordem-unificado","status":"publish","type":"post","link":"https:\/\/iparaiba.com.br\/index.php\/2024\/09\/19\/confira-os-locais-de-prova-da-2a-fase-do-41o-exame-de-ordem-unificado\/","title":{"rendered":"Confira os locais de prova da 2\u00aa fase do 41\u00ba Exame de Ordem Unificado"},"content":{"rendered":"<p>A Coordena\u00e7\u00e3o Nacional do Exame de Ordem Unificado da OAB divulgou nesta segunda-feira (16\/9) os locais de realiza\u00e7\u00e3o da 2\u00aa fase (prova pr\u00e1tico-profissional) do 41\u00ba Exame de Ordem Unificado (EOU).<\/p>\n<p>A prova ser\u00e1 aplicada no pr\u00f3ximo domingo, 22 de setembro de 2024, das 13h \u00e0s 18h. Os port\u00f5es das unidades de aplica\u00e7\u00e3o ser\u00e3o fechados \u00e0s 12h30, sempre observando o hor\u00e1rio oficial de Bras\u00edlia.<\/p>\n<p>Os examinandos poder\u00e3o consultar os locais de realiza\u00e7\u00e3o da prova por meio de link espec\u00edfico na p\u00e1gina de acompanhamento do Exame de Ordem e dever\u00e3o comparecer ao endere\u00e7o com anteced\u00eancia m\u00ednima de uma hora e meia do hor\u00e1rio fixado para o seu in\u00edcio.<\/p>\n<p><a href=\"https:\/\/inscricaooab.fgv.br\/ConsultaLocalProva.aspx?key=v6KyJIWpPGA=&amp;f=9jTwWPnlMFM=\" target=\"_blank\" rel=\"noopener\">Consulta individual aos locais da prova pr\u00e1tico-profissional (2\u00aa fase)<\/a><\/p>\n<p><a href=\"https:\/\/s.oab.org.br\/arquivos\/2024\/09\/e6a849c5-d1c8-4874-a491-9ebafdb5ec58.pdf\" target=\"_blank\" rel=\"noopener\">Lista dos locais de realiza\u00e7\u00e3o da provra pr\u00e1tico-profissional (2\u00aa fase)<\/a><\/p>\n<p><a href=\"https:\/\/oab.fgv.br\/arq\/644\/251576_Editais%20locais%20de%20prova%202%c2%aa%20fase%2041%c2%ba%20.pdf\" target=\"_blank\" rel=\"noopener\">Edital \u2013 Locais de realiza\u00e7\u00e3o da prova pr\u00e1tico-profissional (2\u00aa fase)<\/a><\/p>\n","protected":false},"excerpt":{"rendered":"<p>A Coordena\u00e7\u00e3o Nacional do Exame de Ordem Unificado da OAB divulgou nesta segunda-feira (16\/9) os locais de realiza\u00e7\u00e3o da 2\u00aa fase (prova pr\u00e1tico-profissional) do 41\u00ba Exame de Ordem Unificado (EOU). A prova ser\u00e1 aplicada no pr\u00f3ximo domingo, 22 de setembro de 2024, das 13h \u00e0s 18h. Os port\u00f5es das unidades de aplica\u00e7\u00e3o ser\u00e3o fechados \u00e0s &hellip;<\/p>\n","protected":false},"author":1,"featured_media":99728,"comment_status":"open","ping_status":"open","sticky":false,"template":"","format":"standard","meta":{"footnotes":""},"categories":[9],"tags":[],"class_list":["post-122946","post","type-post","status-publish","format-standard","has-post-thumbnail","hentry","category-justica"],"_links":{"self":[{"href":"https:\/\/iparaiba.com.br\/index.php\/wp-json\/wp\/v2\/posts\/122946","targetHints":{"allow":["GET"]}}],"collection":[{"href":"https:\/\/iparaiba.com.br\/index.php\/wp-json\/wp\/v2\/posts"}],"about":[{"href":"https:\/\/iparaiba.com.br\/index.php\/wp-json\/wp\/v2\/types\/post"}],"author":[{"embeddable":true,"href":"https:\/\/iparaiba.com.br\/index.php\/wp-json\/wp\/v2\/users\/1"}],"replies":[{"embeddable":true,"href":"https:\/\/iparaiba.com.br\/index.php\/wp-json\/wp\/v2\/comments?post=122946"}],"version-history":[{"count":0,"href":"https:\/\/iparaiba.com.br\/index.php\/wp-json\/wp\/v2\/posts\/122946\/revisions"}],"wp:featuredmedia":[{"embeddable":true,"href":"https:\/\/iparaiba.com.br\/index.php\/wp-json\/wp\/v2\/media\/99728"}],"wp:attachment":[{"href":"https:\/\/iparaiba.com.br\/index.php\/wp-json\/wp\/v2\/media?parent=122946"}],"wp:term":[{"taxonomy":"category","embeddable":true,"href":"https:\/\/iparaiba.com.br\/index.php\/wp-json\/wp\/v2\/categories?post=122946"},{"taxonomy":"post_tag","embeddable":true,"href":"https:\/\/iparaiba.com.br\/index.php\/wp-json\/wp\/v2\/tags?post=122946"}],"curies":[{"name":"wp","href":"https:\/\/api.w.org\/{rel}","templated":true}]}}