{"id":122941,"date":"2024-09-22T16:00:48","date_gmt":"2024-09-22T19:00:48","guid":{"rendered":"https:\/\/onordeste.com.br\/?p=122941"},"modified":"2024-09-22T16:00:48","modified_gmt":"2024-09-22T19:00:48","slug":"dengue-menos-da-metade-das-doses-distribuidas-constam-como-aplicadas","status":"publish","type":"post","link":"https:\/\/iparaiba.com.br\/index.php\/2024\/09\/22\/dengue-menos-da-metade-das-doses-distribuidas-constam-como-aplicadas\/","title":{"rendered":"Dengue: menos da metade das doses distribu\u00eddas constam como aplicadas"},"content":{"rendered":"<p>Das 4.792.411 vacinas contra a dengue distribu\u00eddas pelo governo federal aos estados e ao Distrito Federal desde fevereiro, quando a imuniza\u00e7\u00e3o come\u00e7ou, apenas 2.341.449 doses foram registradas como aplicadas no Sistema \u00danico de Sa\u00fade (SUS) at\u00e9 o \u00faltimo dia 15 &#8211; um percentual de 48,88%. O saldo, portanto, \u00e9 de 2.448.647 de doses que n\u00e3o tiveram o registro de aplica\u00e7\u00e3o.<img decoding=\"async\" src=\"https:\/\/agenciabrasil.ebc.com.br\/ebc.png?id=1612992&amp;o=node\" \/><img decoding=\"async\" src=\"https:\/\/agenciabrasil.ebc.com.br\/ebc.gif?id=1612992&amp;o=node\" \/><\/p>\n<p>Os n\u00fameros foram apresentados pelo diretor do Programa Nacional de Imuniza\u00e7\u00f5es (PNI) do Minist\u00e9rio da Sa\u00fade, Eder Gatti, durante a 26\u00aa\u00a0Jornada Nacional de Imuniza\u00e7\u00f5es, em Recife.<\/p>\n<p>O balan\u00e7o da pasta mostra ainda que, ao longo de pouco mais de sete meses de imuniza\u00e7\u00e3o contra a dengue no pa\u00eds, 1.819.923 crian\u00e7as e adolescentes com idade entre 10 a 14 anos receberam as duas doses necess\u00e1rias para concluir o esquema vacinal contra a doen\u00e7a, enquanto 521.497 receberam somente a primeira dose. \u201cH\u00e1 um d\u00e9ficit de pessoas que n\u00e3o fizeram a segunda dose. Parte n\u00e3o teve o tempo ainda. Mas a gente sabe que h\u00e1 pessoas que j\u00e1 deveriam ter recebido e n\u00e3o voltaram\u201d, destacou Eder.<\/p>\n<p>A recomenda\u00e7\u00e3o do minist\u00e9rio e do pr\u00f3prio fabricante da Qdenga, o laborat\u00f3rio japon\u00eas Takeda, \u00e9 que a segunda dose do imunizante seja aplicada ap\u00f3s tr\u00eas meses ap\u00f3s a aplica\u00e7\u00e3o da primeira.<\/p>\n<h2>Sa\u00fade p\u00fablica<\/h2>\n<p>O diretor do PNI avaliou que a vacina figura atualmente como a\u00e7\u00e3o de sa\u00fade p\u00fablica crucial no combate \u00e0 dengue, mas n\u00e3o deve ser vista como solu\u00e7\u00e3o isolada. Dentre os principais desafios apontados por Gatti para a introdu\u00e7\u00e3o da dose no Brasil est\u00e3o a baixa disponibilidade e o pre\u00e7o elevado. \u201cO minist\u00e9rio comprou todas as doses que o laborat\u00f3rio colocou na mesa. Compramos tudo\u201d, disse. \u201cCom quantitativo pequeno, a gente teve que priorizar\u201d, completou.<\/p>\n<p>Para o representante do minist\u00e9rio, a recomenda\u00e7\u00e3o de ag\u00eancias internacionais, incluindo a pr\u00f3pria Organiza\u00e7\u00e3o Mundial da Sa\u00fade (OMS), pela incorpora\u00e7\u00e3o do imunizante ao servi\u00e7o p\u00fablico\u00a0desconsiderou que pa\u00edses em desenvolvimento t\u00eam acesso limitado a recursos. \u201c\u00c9 uma tecnologia que, al\u00e9m de ser cara, n\u00e3o est\u00e1 dispon\u00edvel. Essa \u00e9 a nossa principal cr\u00edtica em rela\u00e7\u00e3o \u00e0 recomenda\u00e7\u00e3o da OMS\u201d, disse. \u201cA gente entende a recomenda\u00e7\u00e3o t\u00e9cnica. Mas ela tem que ter lastro com a realidade\u201d.<\/p>\n<p>Em sua fala, Eder citou ainda press\u00e3o pol\u00edtica e popular e um cen\u00e1rio de politiza\u00e7\u00e3o de vacinas no pa\u00eds. \u201cA press\u00e3o social exigia a incorpora\u00e7\u00e3o [da vacina da dengue pelo SUS] o quanto antes\u201d, explicou. Segundo ele, a pasta trabalha com a previs\u00e3o de ampliar a vacina\u00e7\u00e3o contra a dengue no Brasil ao longo de 2025. \u201cJ\u00e1 temos adquirido, para o ano que vem, 9 milh\u00f5es de doses. Esperamos tamb\u00e9m a incorpora\u00e7\u00e3o da vacina do Instituto Butantan\u201d, destacou.<\/p>\n<p>*A rep\u00f3rter viajou a convite da Sociedade Brasileira de Imuniza\u00e7\u00f5es (SBIm)<\/p>\n<p>Ag\u00eancia Brasil<\/p>\n","protected":false},"excerpt":{"rendered":"<p>Das 4.792.411 vacinas contra a dengue distribu\u00eddas pelo governo federal aos estados e ao Distrito Federal desde fevereiro, quando a imuniza\u00e7\u00e3o come\u00e7ou, apenas 2.341.449 doses foram registradas como aplicadas no Sistema \u00danico de Sa\u00fade (SUS) at\u00e9 o \u00faltimo dia 15 &#8211; um percentual de 48,88%. O saldo, portanto, \u00e9 de 2.448.647 de doses que n\u00e3o &hellip;<\/p>\n","protected":false},"author":1,"featured_media":109617,"comment_status":"open","ping_status":"open","sticky":false,"template":"","format":"standard","meta":{"footnotes":""},"categories":[2],"tags":[],"class_list":["post-122941","post","type-post","status-publish","format-standard","has-post-thumbnail","hentry","category-saude"],"_links":{"self":[{"href":"https:\/\/iparaiba.com.br\/index.php\/wp-json\/wp\/v2\/posts\/122941","targetHints":{"allow":["GET"]}}],"collection":[{"href":"https:\/\/iparaiba.com.br\/index.php\/wp-json\/wp\/v2\/posts"}],"about":[{"href":"https:\/\/iparaiba.com.br\/index.php\/wp-json\/wp\/v2\/types\/post"}],"author":[{"embeddable":true,"href":"https:\/\/iparaiba.com.br\/index.php\/wp-json\/wp\/v2\/users\/1"}],"replies":[{"embeddable":true,"href":"https:\/\/iparaiba.com.br\/index.php\/wp-json\/wp\/v2\/comments?post=122941"}],"version-history":[{"count":1,"href":"https:\/\/iparaiba.com.br\/index.php\/wp-json\/wp\/v2\/posts\/122941\/revisions"}],"predecessor-version":[{"id":122968,"href":"https:\/\/iparaiba.com.br\/index.php\/wp-json\/wp\/v2\/posts\/122941\/revisions\/122968"}],"wp:featuredmedia":[{"embeddable":true,"href":"https:\/\/iparaiba.com.br\/index.php\/wp-json\/wp\/v2\/media\/109617"}],"wp:attachment":[{"href":"https:\/\/iparaiba.com.br\/index.php\/wp-json\/wp\/v2\/media?parent=122941"}],"wp:term":[{"taxonomy":"category","embeddable":true,"href":"https:\/\/iparaiba.com.br\/index.php\/wp-json\/wp\/v2\/categories?post=122941"},{"taxonomy":"post_tag","embeddable":true,"href":"https:\/\/iparaiba.com.br\/index.php\/wp-json\/wp\/v2\/tags?post=122941"}],"curies":[{"name":"wp","href":"https:\/\/api.w.org\/{rel}","templated":true}]}}