{"id":122939,"date":"2024-09-22T14:00:16","date_gmt":"2024-09-22T17:00:16","guid":{"rendered":"https:\/\/onordeste.com.br\/?p=122939"},"modified":"2024-09-22T14:00:16","modified_gmt":"2024-09-22T17:00:16","slug":"anatel-x-demonstra-intencao-deliberada-de-descumprir-ordem-do-stf","status":"publish","type":"post","link":"https:\/\/iparaiba.com.br\/index.php\/2024\/09\/22\/anatel-x-demonstra-intencao-deliberada-de-descumprir-ordem-do-stf\/","title":{"rendered":"Anatel: X demonstra inten\u00e7\u00e3o deliberada de descumprir ordem do STF"},"content":{"rendered":"<p>A Ag\u00eancia Nacional de Telecomunica\u00e7\u00f5es (Anatel)\u00a0identificou o mecanismo que possibilitou o\u00a0<a href=\"https:\/\/agenciabrasil.ebc.com.br\/geral\/noticia\/2024-09\/anatel-diz-que-verifica-relatos-de-acesso-rede-social-x\" target=\"_blank\" rel=\"noopener\">acesso \u00e0 rede social X<\/a>, durante a quarta-feira (18).\u00a0<img decoding=\"async\" src=\"https:\/\/agenciabrasil.ebc.com.br\/ebc.png?id=1612938&amp;o=node\" \/><img decoding=\"async\" src=\"https:\/\/agenciabrasil.ebc.com.br\/ebc.gif?id=1612938&amp;o=node\" \/><\/p>\n<p>\u201cCom o apoio ativo das prestadoras de telecomunica\u00e7\u00f5es e da empresa Cloudfare, foi poss\u00edvel identificar mecanismo que, espera-se, assegure o cumprimento da determina\u00e7\u00e3o, com o restabelecimento do bloqueio\u201d, informou\u00a0a Anatel em nota divulgada nesta quinta-feira (19).<\/p>\n<p>O acesso foi poss\u00edvel ap\u00f3s uma atualiza\u00e7\u00e3o operacional realizada pela rede social que trocou o endere\u00e7o eletr\u00f4nico que foi bloqueado e passou a hosped\u00e1-lo nos servidores da Cloudflare, empresa norte-americana especializada na seguran\u00e7a de sites. Com isso, os mecanismos adotados para o bloqueio da rede social n\u00e3o conseguiram impedir o acesso.\u00a0A\u00a0<a href=\"https:\/\/agenciabrasil.ebc.com.br\/justica\/noticia\/2024-08\/moraes-determina-suspensao-da-rede-social-x-no-brasil\" target=\"_blank\" rel=\"noopener\">rede est\u00e1 suspensa\u00a0<\/a>desde o in\u00edcio deste m\u00eas por determina\u00e7\u00e3o do ministro do Supremo Tribunal Federal (STF) Alexandre de Moraes.<\/p>\n<div class=\"dnd-widget-wrapper context-medio_4colunas type-image atom-align-left\">\n<div class=\"dnd-atom-rendered\">\n<div class=\"shadow overflow-hidden rounded-lg d-block w-100\"><img decoding=\"async\" class=\"flex-fill img-cover\" title=\"Reuters\/Carlos Barria\/Proibida reprodu\u00e7\u00e3o\" src=\"https:\/\/imagens.ebc.com.br\/H8qYtsXDOHW-C32ZdQ2AoTHdqYY=\/365x0\/smart\/https:\/\/agenciabrasil.ebc.com.br\/sites\/default\/files\/thumbnails\/image\/2024\/08\/17\/2024-08-12t100157z_492598035_rc20e2ahuqlk_rtrmadp_3_usa-election-trump-musk.jpg?itok=Yevz9ARQ\" alt=\"FILE PHOTO: 'X' logo is seen on the top of the headquarters of the messaging platform X, formerly known as Twitter, in downtown San Francisco, California, U.S., July 30, 2023. Reuters\/Carlos Barria\/Proibida reprodu\u00e7\u00e3o\" \/><\/div>\n<\/div>\n<div class=\"dnd-caption-wrapper\">\n<div class=\"meta\">Rede Social X &#8211;\u00a0<strong>Reuters\/Carlos Barria\/Proibida reprodu\u00e7\u00e3o<\/strong><\/div>\n<\/div>\n<\/div>\n<p>No entanto, na manh\u00e3 de ontem, usu\u00e1rios relataram ter conseguido acessar a plataforma de forma livre, sem acesso por meio de aplicativos de Virtual Private Network (VPN), mecanismo usado para burlar a suspens\u00e3o. A Anatel disse que, com a identifica\u00e7\u00e3o, espera assegurar o cumprimento da decis\u00e3o judicial.<\/p>\n<p>A Associa\u00e7\u00e3o Brasileira de Provedores de Internet e Telecomunica\u00e7\u00f5es (Abrint) informou\u00a0em nota, nessa quarta, que a rede X trocou o endere\u00e7o eletr\u00f4nico que foi bloqueado e passou a hosped\u00e1-lo nos servidores da Cloudflare, empresa norte-americana especializada na seguran\u00e7a de\u00a0<em>sites<\/em>.<\/p>\n<p>&#8220;Diferente do sistema anterior, que utilizava IPs espec\u00edficos e pass\u00edveis de bloqueio, a nova estrutura baseada no Cloudflare compartilha IPs com outros servi\u00e7os leg\u00edtimos, como bancos e grandes plataformas de internet&#8221;, disse a Abrint.<\/p>\n<p>Segundo a\u00a0Anatel,\u00a0a medida foi tomada com objetivo de\u00a0\u00a0burlar a suspens\u00e3o determinada pela Justi\u00e7a.<\/p>\n<blockquote><p>\u201cA conduta da rede X demonstra inten\u00e7\u00e3o deliberada de descumprir a ordem do STF. Eventuais novas tentativas de burla ao bloqueio merecer\u00e3o da Ag\u00eancia as provid\u00eancias cab\u00edveis\u201d, disse o \u00f3rg\u00e3o regulador.<\/p><\/blockquote>\n<h2>Suspens\u00e3o<\/h2>\n<p>O ministro Alexandre de Moraes determinou a suspens\u00e3o do X no Brasil depois que a plataforma descumpriu decis\u00f5es judiciais,\u00a0<a href=\"https:\/\/agenciabrasil.ebc.com.br\/justica\/noticia\/2024-08\/termina-prazo-para-musk-indicar-representante-do-x-no-brasil\" target=\"_blank\" rel=\"noopener\">fechou o escrit\u00f3rio da companhia<\/a>\u00a0no pa\u00eds\u00a0e n\u00e3o apresentou\u00a0<a href=\"https:\/\/agenciabrasil.ebc.com.br\/justica\/noticia\/2024-08\/rede-social-x-fecha-sede-no-brasil-e-acusa-moraes-de-ameaca\" target=\"_blank\" rel=\"noopener\">representante legal<\/a>\u00a0para atuar no Brasil. De acordo com o\u00a0<a href=\"https:\/\/www.planalto.gov.br\/\/ccivil_03\/leis\/2002\/l10406compilada.htm#:~:text=LEI%20N%C2%BA%2010.406%2C%20DE%2010%20DE%20JANEIRO%20DE%202002&amp;text=Institui%20o%20C%C3%B3digo%20Civil\" target=\"_blank\" rel=\"noopener\">Artigo 1.134 do C\u00f3digo Civil<\/a>\u00a0brasileiro, para funcionar no Brasil, empresas estrangeiras s\u00e3o obrigadas a nomear representantes no pa\u00eds.<\/p>\n<p>\u201cA ilicitude \u00e9 ainda mais grave, pois mesmo quando efetivamente intimada para cumprimento das ordens de bloqueio de perfis, cujas postagens reproduzem conte\u00fado criminoso investigado nos autos, a referida plataforma incorreu em desobedi\u00eancia judicial, e resolveu, criminosamente, divulgar mensagem incitando o \u00f3dio contra esta Suprema Corte\u201d, afirmou o ministro no despacho.<\/p>\n<p>A decis\u00e3o de suspender o X foi submetida \u00e0 1\u00aa Turma do STF. Na ocasi\u00e3o, Moraes destacou que o Marco Civil da Internet prev\u00ea a responsabiliza\u00e7\u00e3o civil de provedor de internet por danos decorrentes de conte\u00fado apontado como ilegais.<\/p>\n<p>Ao analisar o caso, a<a href=\"https:\/\/agenciabrasil.ebc.com.br\/justica\/noticia\/2024-09\/turma-do-supremo-vota-para-manter-x-suspenso-no-brasil\" target=\"_blank\" rel=\"noopener\">\u00a01\u00aa Turma do STF votou para manter a suspens\u00e3o<\/a>\u00a0da rede social. Os ministros Cristiano Zanin, Fl\u00e1vio Dino e C\u00e1rmen L\u00facia seguiram integralmente o voto do relator, Alexandre de Moraes, e mantiveram a decis\u00e3o. J\u00e1 o ministro Luiz Fux seguiu o relator, mas apresentou ressalvas.<\/p>\n<p>Controlada pelo multibilion\u00e1rio Elon Musk, a rede social X tem\u00a0<a href=\"https:\/\/agenciabrasil.ebc.com.br\/internacional\/noticia\/2024-08\/alem-do-brasil-musk-tem-atritos-com-europeus-australia-e-inglaterra\" target=\"_blank\" rel=\"noopener\">colecionado atritos\u00a0com autoridades<\/a>\u00a0de diversos pa\u00edses, desde o Brasil, at\u00e9 a Austr\u00e1lia, Inglaterra, o bloco da Uni\u00e3o Europeia (UE), a Venezuela, entre outros.<\/p>\n<p>Enquanto na UE, no Brasil e na Austr\u00e1lia, Musk apela \u00e0 ret\u00f3rica da \u201cliberdade de express\u00e3o\u201d irrestrita, na \u00cdndia e na Turquia, a plataforma X tem acatado decis\u00f5es judiciais com suspens\u00f5es de conte\u00fados e de perfis sem denunciar suposta \u201ccensura\u201d. Na \u00cdndia, a plataforma excluiu das redes um document\u00e1rio da m\u00eddia inglesa BBC cr\u00edtico ao primeiro-ministro do pa\u00eds asi\u00e1tico, Narendra Modi.<\/p>\n<p>Musk \u00e9 investigado no STF no inqu\u00e9rito das mil\u00edcias digitais que apura a atua\u00e7\u00e3o de grupos que supostamente se organizaram nas redes para atacar o STF, seus membros e a elei\u00e7\u00e3o brasileira de 2022.<\/p>\n<p>Ag\u00eancia Brasil<\/p>\n","protected":false},"excerpt":{"rendered":"<p>A Ag\u00eancia Nacional de Telecomunica\u00e7\u00f5es (Anatel)\u00a0identificou o mecanismo que possibilitou o\u00a0acesso \u00e0 rede social X, durante a quarta-feira (18).\u00a0 \u201cCom o apoio ativo das prestadoras de telecomunica\u00e7\u00f5es e da empresa Cloudfare, foi poss\u00edvel identificar mecanismo que, espera-se, assegure o cumprimento da determina\u00e7\u00e3o, com o restabelecimento do bloqueio\u201d, informou\u00a0a Anatel em nota divulgada nesta quinta-feira (19). &hellip;<\/p>\n","protected":false},"author":1,"featured_media":118751,"comment_status":"open","ping_status":"open","sticky":false,"template":"","format":"standard","meta":{"footnotes":""},"categories":[18],"tags":[],"class_list":["post-122939","post","type-post","status-publish","format-standard","has-post-thumbnail","hentry","category-brasil"],"_links":{"self":[{"href":"https:\/\/iparaiba.com.br\/index.php\/wp-json\/wp\/v2\/posts\/122939","targetHints":{"allow":["GET"]}}],"collection":[{"href":"https:\/\/iparaiba.com.br\/index.php\/wp-json\/wp\/v2\/posts"}],"about":[{"href":"https:\/\/iparaiba.com.br\/index.php\/wp-json\/wp\/v2\/types\/post"}],"author":[{"embeddable":true,"href":"https:\/\/iparaiba.com.br\/index.php\/wp-json\/wp\/v2\/users\/1"}],"replies":[{"embeddable":true,"href":"https:\/\/iparaiba.com.br\/index.php\/wp-json\/wp\/v2\/comments?post=122939"}],"version-history":[{"count":1,"href":"https:\/\/iparaiba.com.br\/index.php\/wp-json\/wp\/v2\/posts\/122939\/revisions"}],"predecessor-version":[{"id":122967,"href":"https:\/\/iparaiba.com.br\/index.php\/wp-json\/wp\/v2\/posts\/122939\/revisions\/122967"}],"wp:featuredmedia":[{"embeddable":true,"href":"https:\/\/iparaiba.com.br\/index.php\/wp-json\/wp\/v2\/media\/118751"}],"wp:attachment":[{"href":"https:\/\/iparaiba.com.br\/index.php\/wp-json\/wp\/v2\/media?parent=122939"}],"wp:term":[{"taxonomy":"category","embeddable":true,"href":"https:\/\/iparaiba.com.br\/index.php\/wp-json\/wp\/v2\/categories?post=122939"},{"taxonomy":"post_tag","embeddable":true,"href":"https:\/\/iparaiba.com.br\/index.php\/wp-json\/wp\/v2\/tags?post=122939"}],"curies":[{"name":"wp","href":"https:\/\/api.w.org\/{rel}","templated":true}]}}