{"id":122937,"date":"2024-09-22T12:00:19","date_gmt":"2024-09-22T15:00:19","guid":{"rendered":"https:\/\/onordeste.com.br\/?p=122937"},"modified":"2024-09-22T12:00:19","modified_gmt":"2024-09-22T15:00:19","slug":"emergencia-climatica-stf-flexibiliza-normas-para-contratacao-de-brigadistas-e-liberacao-de-credito-extraordinario-para-combate-a-incendios","status":"publish","type":"post","link":"https:\/\/iparaiba.com.br\/index.php\/2024\/09\/22\/emergencia-climatica-stf-flexibiliza-normas-para-contratacao-de-brigadistas-e-liberacao-de-credito-extraordinario-para-combate-a-incendios\/","title":{"rendered":"Emerg\u00eancia clim\u00e1tica: STF flexibiliza normas para contrata\u00e7\u00e3o de brigadistas e libera\u00e7\u00e3o de cr\u00e9dito extraordin\u00e1rio para combate a inc\u00eandios"},"content":{"rendered":"<p>Em raz\u00e3o da emerg\u00eancia clim\u00e1tica, o ministro do Supremo Tribunal Federal (STF) Fl\u00e1vio Dino autorizou a abertura de cr\u00e9dito extraordin\u00e1rio ao governo federal a ser utilizado exclusivamente no combate aos inc\u00eandios florestais que assolam a Amaz\u00f4nia e o Pantanal e na contrata\u00e7\u00e3o imediata de brigadistas.<\/p>\n<p>A exemplo das medidas emergenciais tomadas em socorro ao Estado do Rio Grande do Sul, v\u00edtima de enchentes em maio deste ano, esse cr\u00e9dito extraordin\u00e1rio deve ficar fora da meta fiscal do governo, estabelecida pela Lei de Responsabilidade Fiscal. O pedido deve ser encaminhado pelo governo federal, por medida provis\u00f3ria, para aprova\u00e7\u00e3o do Congresso Nacional. A efetiva aplica\u00e7\u00e3o das verbas ser\u00e1 acompanhada pelo Judici\u00e1rio.<\/p>\n<p>Segundo Dino, a decis\u00e3o \u00e9 excepcional para assegurar o cumprimento das determina\u00e7\u00f5es do STF feitas no julgamento da Argui\u00e7\u00e3o de Descumprimento de Preceito Fundamental\u00a0<strong><a href=\"https:\/\/portal.stf.jus.br\/processos\/detalhe.asp?incidente=6007933\" target=\"_blank\" rel=\"noreferrer noopener\">(ADPF) 743<\/a><\/strong>. A excepcionalidade decorre dos impactos econ\u00f4micos, fiscais, sociais e ambientais resultantes das queimadas e das secas nos biomas Pantanal e Amaz\u00f4nia.<\/p>\n<p>Na decis\u00e3o, o ministro tamb\u00e9m permitiu a flexibiliza\u00e7\u00e3o de outras leis e normas para, ainda em car\u00e1ter emergencial, eliminar barreiras que dificultam a atua\u00e7\u00e3o do governo federal no combate \u00e0s queimadas.<\/p>\n<p><strong>Brigadistas<\/strong><\/p>\n<p>Ficam suspenso at\u00e9 o final de 2024 todos os prazos que exigem o m\u00ednimo de 90 dias para a recontrata\u00e7\u00e3o de brigadistas para atuarem junto ao Ibama e ICMBio.<\/p>\n<p>A medida flexibiliza o prazo previsto na Lei 7.957\/1989, alterado pela Medida Provis\u00f3ria 1.239\/2024. Com isso, o governo pode recontratar imediatamente pessoal, de forma tempor\u00e1ria, para servi\u00e7o na preven\u00e7\u00e3o, controle e combate de inc\u00eandios florestais.<\/p>\n<p>A quantidade de brigadistas e o local onde dever\u00e3o atuar ser\u00e3o definidos pelo pr\u00f3prio governo, cabendo ao Judici\u00e1rio o acompanhamento e a tomada de provid\u00eancias sobre eventuais omiss\u00f5es.<\/p>\n<p><strong>Funapol<\/strong><\/p>\n<p>A decis\u00e3o determinou o uso de recursos contingenciados ou cancelados para o exerc\u00edcio de 2024 do Fundo para Aparelhamento e Operacionaliza\u00e7\u00e3o das Atividades-fim da Pol\u00edcia Federal (Funapol) disponibilizados pelo Minist\u00e9rio do Planejamento e Or\u00e7amento.<\/p>\n<p><strong>Comunica\u00e7\u00e3o<\/strong><\/p>\n<p>Por fim, o ministro Fl\u00e1vio Dino estabeleceu que quaisquer entraves \u00e0 tramita\u00e7\u00e3o dos inqu\u00e9ritos policiais relacionados ao descumprimento de deveres funcionais de autoridades do Minist\u00e9rio P\u00fablico ou do Judici\u00e1rio devem ser comunicados a ele, para a tomada de provid\u00eancias junto aos \u00f3rg\u00e3os competentes.<\/p>\n<p>Veja a\u00a0<strong><a href=\"https:\/\/noticias-stf-wp-prd.s3.sa-east-1.amazonaws.com\/wp-content\/uploads\/wpallimport\/uploads\/2024\/09\/16124600\/ADPF_743_assinada-2.pdf\" target=\"_blank\" rel=\"noreferrer noopener\">\u00edntegra da decis\u00e3o<\/a><\/strong><\/p>\n","protected":false},"excerpt":{"rendered":"<p>Em raz\u00e3o da emerg\u00eancia clim\u00e1tica, o ministro do Supremo Tribunal Federal (STF) Fl\u00e1vio Dino autorizou a abertura de cr\u00e9dito extraordin\u00e1rio ao governo federal a ser utilizado exclusivamente no combate aos inc\u00eandios florestais que assolam a Amaz\u00f4nia e o Pantanal e na contrata\u00e7\u00e3o imediata de brigadistas. A exemplo das medidas emergenciais tomadas em socorro ao Estado &hellip;<\/p>\n","protected":false},"author":1,"featured_media":107952,"comment_status":"open","ping_status":"open","sticky":false,"template":"","format":"standard","meta":{"footnotes":""},"categories":[10],"tags":[],"class_list":["post-122937","post","type-post","status-publish","format-standard","has-post-thumbnail","hentry","category-manchetes"],"_links":{"self":[{"href":"https:\/\/iparaiba.com.br\/index.php\/wp-json\/wp\/v2\/posts\/122937","targetHints":{"allow":["GET"]}}],"collection":[{"href":"https:\/\/iparaiba.com.br\/index.php\/wp-json\/wp\/v2\/posts"}],"about":[{"href":"https:\/\/iparaiba.com.br\/index.php\/wp-json\/wp\/v2\/types\/post"}],"author":[{"embeddable":true,"href":"https:\/\/iparaiba.com.br\/index.php\/wp-json\/wp\/v2\/users\/1"}],"replies":[{"embeddable":true,"href":"https:\/\/iparaiba.com.br\/index.php\/wp-json\/wp\/v2\/comments?post=122937"}],"version-history":[{"count":1,"href":"https:\/\/iparaiba.com.br\/index.php\/wp-json\/wp\/v2\/posts\/122937\/revisions"}],"predecessor-version":[{"id":122966,"href":"https:\/\/iparaiba.com.br\/index.php\/wp-json\/wp\/v2\/posts\/122937\/revisions\/122966"}],"wp:featuredmedia":[{"embeddable":true,"href":"https:\/\/iparaiba.com.br\/index.php\/wp-json\/wp\/v2\/media\/107952"}],"wp:attachment":[{"href":"https:\/\/iparaiba.com.br\/index.php\/wp-json\/wp\/v2\/media?parent=122937"}],"wp:term":[{"taxonomy":"category","embeddable":true,"href":"https:\/\/iparaiba.com.br\/index.php\/wp-json\/wp\/v2\/categories?post=122937"},{"taxonomy":"post_tag","embeddable":true,"href":"https:\/\/iparaiba.com.br\/index.php\/wp-json\/wp\/v2\/tags?post=122937"}],"curies":[{"name":"wp","href":"https:\/\/api.w.org\/{rel}","templated":true}]}}