{"id":122929,"date":"2024-09-21T18:03:13","date_gmt":"2024-09-21T21:03:13","guid":{"rendered":"https:\/\/onordeste.com.br\/?p=122929"},"modified":"2024-09-21T18:03:13","modified_gmt":"2024-09-21T21:03:13","slug":"eleitores-sem-cadastro-biometrico-podem-votar-nas-eleicoes","status":"publish","type":"post","link":"https:\/\/iparaiba.com.br\/index.php\/2024\/09\/21\/eleitores-sem-cadastro-biometrico-podem-votar-nas-eleicoes\/","title":{"rendered":"Eleitores sem cadastro biom\u00e9trico podem votar nas elei\u00e7\u00f5es"},"content":{"rendered":"<p>Nas elei\u00e7\u00f5es municipais deste ano, eleitoras e eleitores que n\u00e3o t\u00eam biometria cadastrada na Justi\u00e7a Eleitoral n\u00e3o ser\u00e3o impedidos de exercer seu direito ao voto. Mesmo sem as impress\u00f5es digitais registradas, \u00e9 poss\u00edvel se identificar, na hora de votar, utilizando um documento oficial com foto.<\/p>\n<p>Essa medida visa garantir que todo o eleitorado tenha acesso ao processo eleitoral, mesmo as pessoas que n\u00e3o conclu\u00edram o cadastramento biom\u00e9trico.<\/p>\n","protected":false},"excerpt":{"rendered":"<p>Nas elei\u00e7\u00f5es municipais deste ano, eleitoras e eleitores que n\u00e3o t\u00eam biometria cadastrada na Justi\u00e7a Eleitoral n\u00e3o ser\u00e3o impedidos de exercer seu direito ao voto. Mesmo sem as impress\u00f5es digitais registradas, \u00e9 poss\u00edvel se identificar, na hora de votar, utilizando um documento oficial com foto. Essa medida visa garantir que todo o eleitorado tenha acesso &hellip;<\/p>\n","protected":false},"author":1,"featured_media":98205,"comment_status":"open","ping_status":"open","sticky":false,"template":"","format":"standard","meta":{"footnotes":""},"categories":[8],"tags":[],"class_list":["post-122929","post","type-post","status-publish","format-standard","has-post-thumbnail","hentry","category-politica"],"_links":{"self":[{"href":"https:\/\/iparaiba.com.br\/index.php\/wp-json\/wp\/v2\/posts\/122929","targetHints":{"allow":["GET"]}}],"collection":[{"href":"https:\/\/iparaiba.com.br\/index.php\/wp-json\/wp\/v2\/posts"}],"about":[{"href":"https:\/\/iparaiba.com.br\/index.php\/wp-json\/wp\/v2\/types\/post"}],"author":[{"embeddable":true,"href":"https:\/\/iparaiba.com.br\/index.php\/wp-json\/wp\/v2\/users\/1"}],"replies":[{"embeddable":true,"href":"https:\/\/iparaiba.com.br\/index.php\/wp-json\/wp\/v2\/comments?post=122929"}],"version-history":[{"count":1,"href":"https:\/\/iparaiba.com.br\/index.php\/wp-json\/wp\/v2\/posts\/122929\/revisions"}],"predecessor-version":[{"id":122962,"href":"https:\/\/iparaiba.com.br\/index.php\/wp-json\/wp\/v2\/posts\/122929\/revisions\/122962"}],"wp:featuredmedia":[{"embeddable":true,"href":"https:\/\/iparaiba.com.br\/index.php\/wp-json\/wp\/v2\/media\/98205"}],"wp:attachment":[{"href":"https:\/\/iparaiba.com.br\/index.php\/wp-json\/wp\/v2\/media?parent=122929"}],"wp:term":[{"taxonomy":"category","embeddable":true,"href":"https:\/\/iparaiba.com.br\/index.php\/wp-json\/wp\/v2\/categories?post=122929"},{"taxonomy":"post_tag","embeddable":true,"href":"https:\/\/iparaiba.com.br\/index.php\/wp-json\/wp\/v2\/tags?post=122929"}],"curies":[{"name":"wp","href":"https:\/\/api.w.org\/{rel}","templated":true}]}}