{"id":122925,"date":"2024-09-21T14:00:39","date_gmt":"2024-09-21T17:00:39","guid":{"rendered":"https:\/\/onordeste.com.br\/?p=122925"},"modified":"2024-09-21T14:00:39","modified_gmt":"2024-09-21T17:00:39","slug":"ufpb-abre-concurso-para-professores","status":"publish","type":"post","link":"https:\/\/iparaiba.com.br\/index.php\/2024\/09\/21\/ufpb-abre-concurso-para-professores\/","title":{"rendered":"UFPB abre concurso para professores"},"content":{"rendered":"<p>O Reitor da Universidade Federal da Para\u00edba, professor Valdiney Gouveia, publicou dois editais com a oferta de 10 vagas para Professor do Magist\u00e9rio Superior e 01 vaga para Professor do Ensino B\u00e1sico, T\u00e9cnico e Tecnol\u00f3gico (EBTT). Os certames s\u00e3o regidos, respectivamente, pelos Editais n\u00ba 96\/2024 e n\u00ba 97\/2024, publicados na edi\u00e7\u00e3o da \u00faltima sexta-feira (6) do Di\u00e1rio Oficial da Uni\u00e3o (DOU).<\/p>\n<p>A remunera\u00e7\u00e3o bruta varia de R$ 3.546,99 a R$ 11.481,64, a depender do regime de trabalho (20 horas semanais \u2013 T-20 ou dedica\u00e7\u00e3o exclusiva \u2013 DE, com jornada de trabalho de 40h) e da retribui\u00e7\u00e3o por titula\u00e7\u00e3o (mestrado ou doutorado). Os aprovados no certame tamb\u00e9m far\u00e3o jus a aux\u00edlio-alimenta\u00e7\u00e3o, nos termos da legisla\u00e7\u00e3o vigente, e, no caso do concurso para professor EBTT, poder\u00e1 haver, ainda, complementa\u00e7\u00e3o de pagamento para atingimento do piso do magist\u00e9rio fixado pela Portaria MEC n\u00ba 61, de 31 de janeiro de 2024.<\/p>\n<p>As inscri\u00e7\u00f5es dever\u00e3o ser realizadas na secretaria do respectivo departamento respons\u00e1vel pela \u00e1rea objeto do certame, de 23 de setembro a 23 de outubro. Ser\u00e3o aceitas inscri\u00e7\u00f5es efetuadas pessoalmente pelo candidato, por procurador ou via postal (tipo Sedex). O valor da taxa \u00e9 de R$ 60,00, para os cargos T-20, e R$ 160,00, para as vagas de DE.<\/p>\n<p>O candidato que tem direito \u00e0 isen\u00e7\u00e3o do pagamento desta taxa dever\u00e1 solicit\u00e1-la no per\u00edodo de 23 a 27 de setembro. Os pedidos de isen\u00e7\u00e3o tamb\u00e9m poder\u00e3o ser efetuados pessoalmente pelo candidato, por procura\u00e7\u00e3o ou via postal (tipo Sedex), e ter\u00e3o os resultados divulgados pelo Departamento\/Unidade Acad\u00eamica respons\u00e1vel pelo certame at\u00e9 o dia 2 de outubro.<\/p>\n<p>A sele\u00e7\u00e3o disciplinada pelo edital n\u00ba 96\/2024 prev\u00ea, conforme o Anexo I, tr\u00eas vagas imediatas reservadas \u00e0s cotas, sendo duas delas destinadas a candidatos autodeclarados pretos e pardos e uma a pessoas com defici\u00eancia. Quanto ao edital n\u00b0 97\/2024, em raz\u00e3o do n\u00famero insuficiente de vagas, n\u00e3o haver\u00e1 reserva imediata de vagas para pessoas com defici\u00eancia ou que se declare negra ou parda, sendo todas as vagas imediatas destinadas \u00e0 ampla concorr\u00eancia. No entanto, se durante a validade do concurso forem convocados 5 ou mais candidatos, a 3\u00aa vaga fica reservada ao candidato negro e a 5\u00aa, ao candidato com defici\u00eancia.<\/p>\n<p>Ambos os certames compreendem as etapas de prova escrita e da prova did\u00e1tica, com car\u00e1ter eliminat\u00f3rio, e do exame de t\u00edtulos, com car\u00e1ter classificat\u00f3rio. Para os concorrentes, exclusivamente \u00e0s vagas para classe Adjunto A, haver\u00e1, ainda, a prova de plano de trabalho, com car\u00e1ter eliminat\u00f3rio.<\/p>\n<p>Caber\u00e1 pedido de reconsidera\u00e7\u00e3o em cada etapa do concurso. O candidato que desejar formular o pedido contra o resultado provis\u00f3rio de cada etapa do concurso ter\u00e1 2 dias \u00fateis para faz\u00ea-lo, a contar da data da divulga\u00e7\u00e3o da nota provis\u00f3ria de cada etapa, conforme procedimentos disciplinados no respectivo edital de resultado provis\u00f3rio, podendo, ainda, ser admitido pedido de reconsidera\u00e7\u00e3o por meio eletr\u00f4nico.<\/p>\n<p>Para verificar as datas previstas de realiza\u00e7\u00e3o de cada uma das etapas do processo seletivo, o candidato deve consultar, no edital do concurso de interesse, o quadro de distribui\u00e7\u00e3o de vagas por unidade acad\u00eamica (Anexo I), uma vez que as sele\u00e7\u00f5es regidas pelos editais s\u00e3o totalmente aut\u00f4nomas e independentes entre si.<\/p>\n<p><strong>Confira a distribui\u00e7\u00e3o de vagas por Centro de Ensino:<\/strong><\/p>\n<p>Centro de Ci\u00eancias M\u00e9dicas (CCM) \u2013 4 vagas<\/p>\n<p>Centro de Ci\u00eancias Sociais Aplicadas (CCSA) \u2013 1 vaga<\/p>\n<p>Centro de Tecnologia (CT) \u2013 1 vaga<\/p>\n<p>Centro de Ci\u00eancias da Sa\u00fade (CCS) \u2013 2 vagas<\/p>\n<p>Centro de Comunica\u00e7\u00e3o, Turismo e Artes (CCTA) \u2013 2 vagas<\/p>\n<p>Centro de Ci\u00eancias Humanas, Sociais e Agr\u00e1rias (CCHSA) \u2013 1 vaga (Edital n\u00b0 97\/2024)<\/p>\n","protected":false},"excerpt":{"rendered":"<p>O Reitor da Universidade Federal da Para\u00edba, professor Valdiney Gouveia, publicou dois editais com a oferta de 10 vagas para Professor do Magist\u00e9rio Superior e 01 vaga para Professor do Ensino B\u00e1sico, T\u00e9cnico e Tecnol\u00f3gico (EBTT). Os certames s\u00e3o regidos, respectivamente, pelos Editais n\u00ba 96\/2024 e n\u00ba 97\/2024, publicados na edi\u00e7\u00e3o da \u00faltima sexta-feira (6) &hellip;<\/p>\n","protected":false},"author":1,"featured_media":107052,"comment_status":"open","ping_status":"open","sticky":false,"template":"","format":"standard","meta":{"footnotes":""},"categories":[11],"tags":[],"class_list":["post-122925","post","type-post","status-publish","format-standard","has-post-thumbnail","hentry","category-educacao"],"_links":{"self":[{"href":"https:\/\/iparaiba.com.br\/index.php\/wp-json\/wp\/v2\/posts\/122925","targetHints":{"allow":["GET"]}}],"collection":[{"href":"https:\/\/iparaiba.com.br\/index.php\/wp-json\/wp\/v2\/posts"}],"about":[{"href":"https:\/\/iparaiba.com.br\/index.php\/wp-json\/wp\/v2\/types\/post"}],"author":[{"embeddable":true,"href":"https:\/\/iparaiba.com.br\/index.php\/wp-json\/wp\/v2\/users\/1"}],"replies":[{"embeddable":true,"href":"https:\/\/iparaiba.com.br\/index.php\/wp-json\/wp\/v2\/comments?post=122925"}],"version-history":[{"count":1,"href":"https:\/\/iparaiba.com.br\/index.php\/wp-json\/wp\/v2\/posts\/122925\/revisions"}],"predecessor-version":[{"id":122960,"href":"https:\/\/iparaiba.com.br\/index.php\/wp-json\/wp\/v2\/posts\/122925\/revisions\/122960"}],"wp:featuredmedia":[{"embeddable":true,"href":"https:\/\/iparaiba.com.br\/index.php\/wp-json\/wp\/v2\/media\/107052"}],"wp:attachment":[{"href":"https:\/\/iparaiba.com.br\/index.php\/wp-json\/wp\/v2\/media?parent=122925"}],"wp:term":[{"taxonomy":"category","embeddable":true,"href":"https:\/\/iparaiba.com.br\/index.php\/wp-json\/wp\/v2\/categories?post=122925"},{"taxonomy":"post_tag","embeddable":true,"href":"https:\/\/iparaiba.com.br\/index.php\/wp-json\/wp\/v2\/tags?post=122925"}],"curies":[{"name":"wp","href":"https:\/\/api.w.org\/{rel}","templated":true}]}}