{"id":122922,"date":"2024-09-21T12:00:17","date_gmt":"2024-09-21T15:00:17","guid":{"rendered":"https:\/\/onordeste.com.br\/?p=122922"},"modified":"2024-09-21T12:00:17","modified_gmt":"2024-09-21T15:00:17","slug":"denuncia-contra-prefeito-e-aceita-pelo-tj","status":"publish","type":"post","link":"https:\/\/iparaiba.com.br\/index.php\/2024\/09\/21\/denuncia-contra-prefeito-e-aceita-pelo-tj\/","title":{"rendered":"Den\u00fancia contra prefeito \u00e9 aceita pelo TJ"},"content":{"rendered":"<p>O Pleno do Tribunal de Justi\u00e7a da Para\u00edba, em sess\u00e3o recebeu uma den\u00fancia apresentada pelo Minist\u00e9rio P\u00fablico estadual contra o prefeito de Desterro, Valt\u00e9rcio de Almeida Justo.<\/p>\n<p>De acordo com a acusa\u00e7\u00e3o, o gestor deixou de repassar integralmente ao Instituto Municipal de Previd\u00eancia dos Servidores de Desterro (Desterropreve) as contribui\u00e7\u00f5es previdenci\u00e1rias patronais entre os anos de 2017 a 2020.<\/p>\n<p>O Minist\u00e9rio P\u00fablico ressaltou que o Tribunal de Contas do Estado julgou irregulares as contas do munic\u00edpio de Desterro durante o per\u00edodo indicado, devido \u00e0 omiss\u00e3o do prefeito no repasse dos encargos previdenci\u00e1rios.<\/p>\n<p>Durante o julgamento, a Procuradora de Justi\u00e7a Vasti Cl\u00e9a Marinho afirmou que as provas colhidas demonstram que o gestor, repetidamente, deixou de pagar as contribui\u00e7\u00f5es, violando a Lei Municipal n\u00ba 207\/2009.<\/p>\n<p>\u201cA prova coletada demonstra que o acusado, m\u00eas ap\u00f3s m\u00eas, n\u00e3o pagou os valores da contribui\u00e7\u00e3o patronal, descumprindo nitidamente a legisla\u00e7\u00e3o\u201d, declarou a procuradora.<\/p>\n<p>O relator do processo, desembargador Frederico Coutinho, no voto do processo n\u00ba 0817608-81.2023.8.15.0000, destacou que a den\u00fancia atende aos requisitos estabelecidos pelo artigo 41 do C\u00f3digo de Processo Penal.<\/p>\n<p>\u201cEncaminho meu voto pelo recebimento da den\u00fancia contra Valt\u00e9rcio de Almeida Justo, por\u00e9m, sem o afastamento do cargo\u201d, concluiu o desembargador.<\/p>\n<p>TJPB<\/p>\n","protected":false},"excerpt":{"rendered":"<p>O Pleno do Tribunal de Justi\u00e7a da Para\u00edba, em sess\u00e3o recebeu uma den\u00fancia apresentada pelo Minist\u00e9rio P\u00fablico estadual contra o prefeito de Desterro, Valt\u00e9rcio de Almeida Justo. De acordo com a acusa\u00e7\u00e3o, o gestor deixou de repassar integralmente ao Instituto Municipal de Previd\u00eancia dos Servidores de Desterro (Desterropreve) as contribui\u00e7\u00f5es previdenci\u00e1rias patronais entre os anos &hellip;<\/p>\n","protected":false},"author":1,"featured_media":108153,"comment_status":"open","ping_status":"open","sticky":false,"template":"","format":"standard","meta":{"footnotes":""},"categories":[9],"tags":[],"class_list":["post-122922","post","type-post","status-publish","format-standard","has-post-thumbnail","hentry","category-justica"],"_links":{"self":[{"href":"https:\/\/iparaiba.com.br\/index.php\/wp-json\/wp\/v2\/posts\/122922","targetHints":{"allow":["GET"]}}],"collection":[{"href":"https:\/\/iparaiba.com.br\/index.php\/wp-json\/wp\/v2\/posts"}],"about":[{"href":"https:\/\/iparaiba.com.br\/index.php\/wp-json\/wp\/v2\/types\/post"}],"author":[{"embeddable":true,"href":"https:\/\/iparaiba.com.br\/index.php\/wp-json\/wp\/v2\/users\/1"}],"replies":[{"embeddable":true,"href":"https:\/\/iparaiba.com.br\/index.php\/wp-json\/wp\/v2\/comments?post=122922"}],"version-history":[{"count":1,"href":"https:\/\/iparaiba.com.br\/index.php\/wp-json\/wp\/v2\/posts\/122922\/revisions"}],"predecessor-version":[{"id":122959,"href":"https:\/\/iparaiba.com.br\/index.php\/wp-json\/wp\/v2\/posts\/122922\/revisions\/122959"}],"wp:featuredmedia":[{"embeddable":true,"href":"https:\/\/iparaiba.com.br\/index.php\/wp-json\/wp\/v2\/media\/108153"}],"wp:attachment":[{"href":"https:\/\/iparaiba.com.br\/index.php\/wp-json\/wp\/v2\/media?parent=122922"}],"wp:term":[{"taxonomy":"category","embeddable":true,"href":"https:\/\/iparaiba.com.br\/index.php\/wp-json\/wp\/v2\/categories?post=122922"},{"taxonomy":"post_tag","embeddable":true,"href":"https:\/\/iparaiba.com.br\/index.php\/wp-json\/wp\/v2\/tags?post=122922"}],"curies":[{"name":"wp","href":"https:\/\/api.w.org\/{rel}","templated":true}]}}