{"id":122918,"date":"2024-09-21T08:00:04","date_gmt":"2024-09-21T11:00:04","guid":{"rendered":"https:\/\/onordeste.com.br\/?p=122918"},"modified":"2024-09-21T08:00:04","modified_gmt":"2024-09-21T11:00:04","slug":"faltam-poucos-dias-confira-os-temas-proibidos-na-propaganda-eleitoral","status":"publish","type":"post","link":"https:\/\/iparaiba.com.br\/index.php\/2024\/09\/21\/faltam-poucos-dias-confira-os-temas-proibidos-na-propaganda-eleitoral\/","title":{"rendered":"Faltam poucos dias: confira os temas proibidos na propaganda eleitoral"},"content":{"rendered":"<p>A propaganda eleitoral de candidatas, candidatos, partidos, federa\u00e7\u00f5es e coliga\u00e7\u00f5es faz uso, desde o dia 16 de agosto, dos meios permitidos pela legisla\u00e7\u00e3o para divulgar ideias e propostas com o objetivo de captar a prefer\u00eancia de quem ir\u00e1 votar nas elei\u00e7\u00f5es municipais deste ano. Por\u00e9m, alguns assuntos s\u00e3o proibidos na propaganda, de acordo com a\u00a0<a href=\"https:\/\/www.tse.jus.br\/legislacao\/compilada\/res\/2019\/resolucao-no-23-610-de-18-de-dezembro-de-2019\">Resolu\u00e7\u00e3o do Tribunal Superior Eleitoral (TSE) n\u00ba 23.610\/2019<\/a>, que trata do assunto.<\/p>\n<p>O 1\u00ba e o 2\u00ba turno das elei\u00e7\u00f5es ocorrer\u00e3o nos dias 6 e 27 de outubro, respectivamente. Os pretendentes aos cargos eletivos de prefeito, vice-prefeito ou vereador precisam estar atentos aos conte\u00fados propagados durante as campanhas. Caso contr\u00e1rio, a pessoa infratora responder\u00e1 pela divulga\u00e7\u00e3o de propaganda vedada e, se for o caso, pelo abuso de poder.<\/p>\n<p><b>Confira abaixo a rela\u00e7\u00e3o de temas proibidos.<\/b><\/p>\n<h3 id=\"titulo-0\">Preconceito de qualquer tipo<\/h3>\n<p>N\u00e3o \u00e9 tolerada propaganda que veicule preconceitos de origem, etnia, ra\u00e7a, sexo, cor, idade, religiosidade, orienta\u00e7\u00e3o sexual, identidade de g\u00eanero e qualquer outra forma de discrimina\u00e7\u00e3o, inclusive contra pessoas com defici\u00eancia.<\/p>\n<h3 id=\"titulo-1\">Conte\u00fados de guerra ou violentos<\/h3>\n<p>\u00c9 vedado difundir narrativas de guerra e de processos violentos para subverter o regime, a ordem pol\u00edtica e social. Tamb\u00e9m n\u00e3o \u00e9 permitido conte\u00fado que provoque animosidade entre as For\u00e7as Armadas ou contra elas, ou delas contra classes e institui\u00e7\u00f5es civis.<\/p>\n<h3 id=\"titulo-2\">Desobedi\u00eancia coletiva \u00e0 lei<\/h3>\n<p>Estimular atentado contra pessoa ou bens e incentivar a desobedi\u00eancia coletiva ao cumprimento da lei de ordem p\u00fablica s\u00e3o condutas igualmente proibidas.<\/p>\n<h3 id=\"titulo-3\">Perturba\u00e7\u00e3o do sossego p\u00fablico e conte\u00fado enganoso<\/h3>\n<p>\u00c9 ilegal fazer propaganda que atrapalhe o sossego p\u00fablico, com algazarra ou abuso de instrumentos sonoros ou sinais ac\u00fasticos, inclusive os provocados por fogos de artif\u00edcio. Tamb\u00e9m \u00e9 il\u00edcita qualquer publicidade que prejudique a higiene e a est\u00e9tica urbana.<\/p>\n<h3 id=\"titulo-4\">Promessas e vantagens<\/h3>\n<p>\u00c9 proibido oferecer, prometer ou solicitar dinheiro, d\u00e1diva, rifa, sorteio ou vantagem de qualquer natureza.<\/p>\n<p>A norma tamb\u00e9m deixa claro que n\u00e3o \u00e9 permitido enganar uma pessoa inexperiente ou r\u00fastica por meio de impresso ou objeto que possa ser confundido com moeda.<\/p>\n<h3 id=\"titulo-5\">Cal\u00fania, difama\u00e7\u00e3o e inj\u00faria<\/h3>\n<p>\u00c9 vedado conte\u00fado com o objetivo de caluniar, difamar ou injuriar qualquer pessoa, bem como atingir \u00f3rg\u00e3os ou entidades que exer\u00e7am autoridade p\u00fablica. Tamb\u00e9m \u00e9 impedida qualquer propaganda que desrespeite os s\u00edmbolos nacionais.<\/p>\n<h3 id=\"titulo-6\">Deprecia\u00e7\u00e3o contra a mulher<\/h3>\n<p>N\u00e3o ser\u00e1 tolerada, ainda, nenhuma narrativa que deprecie a condi\u00e7\u00e3o de mulher ou estimule discrimina\u00e7\u00e3o em raz\u00e3o do sexo feminino, ou em rela\u00e7\u00e3o \u00e0 sua cor, ra\u00e7a ou etnia.<\/p>\n<h3 id=\"titulo-7\">Responsabiliza\u00e7\u00e3o<\/h3>\n<p>A pessoa ofendida por cal\u00fania, difama\u00e7\u00e3o ou inj\u00faria na propaganda eleitoral pode acionar o ju\u00edzo c\u00edvel, independentemente da a\u00e7\u00e3o na esfera penal, para solicitar repara\u00e7\u00e3o pelo dano moral sofrido.<\/p>\n<p>Quem fez a ofensa e o partido pol\u00edtico, quando respons\u00e1vel por a\u00e7\u00e3o ou omiss\u00e3o, ir\u00e3o responder judicialmente, assim como aqueles que contribu\u00edram para a conduta criminosa.<\/p>\n","protected":false},"excerpt":{"rendered":"<p>A propaganda eleitoral de candidatas, candidatos, partidos, federa\u00e7\u00f5es e coliga\u00e7\u00f5es faz uso, desde o dia 16 de agosto, dos meios permitidos pela legisla\u00e7\u00e3o para divulgar ideias e propostas com o objetivo de captar a prefer\u00eancia de quem ir\u00e1 votar nas elei\u00e7\u00f5es municipais deste ano. Por\u00e9m, alguns assuntos s\u00e3o proibidos na propaganda, de acordo com a\u00a0Resolu\u00e7\u00e3o &hellip;<\/p>\n","protected":false},"author":1,"featured_media":98228,"comment_status":"open","ping_status":"open","sticky":false,"template":"","format":"standard","meta":{"footnotes":""},"categories":[8],"tags":[],"class_list":["post-122918","post","type-post","status-publish","format-standard","has-post-thumbnail","hentry","category-politica"],"_links":{"self":[{"href":"https:\/\/iparaiba.com.br\/index.php\/wp-json\/wp\/v2\/posts\/122918","targetHints":{"allow":["GET"]}}],"collection":[{"href":"https:\/\/iparaiba.com.br\/index.php\/wp-json\/wp\/v2\/posts"}],"about":[{"href":"https:\/\/iparaiba.com.br\/index.php\/wp-json\/wp\/v2\/types\/post"}],"author":[{"embeddable":true,"href":"https:\/\/iparaiba.com.br\/index.php\/wp-json\/wp\/v2\/users\/1"}],"replies":[{"embeddable":true,"href":"https:\/\/iparaiba.com.br\/index.php\/wp-json\/wp\/v2\/comments?post=122918"}],"version-history":[{"count":1,"href":"https:\/\/iparaiba.com.br\/index.php\/wp-json\/wp\/v2\/posts\/122918\/revisions"}],"predecessor-version":[{"id":122957,"href":"https:\/\/iparaiba.com.br\/index.php\/wp-json\/wp\/v2\/posts\/122918\/revisions\/122957"}],"wp:featuredmedia":[{"embeddable":true,"href":"https:\/\/iparaiba.com.br\/index.php\/wp-json\/wp\/v2\/media\/98228"}],"wp:attachment":[{"href":"https:\/\/iparaiba.com.br\/index.php\/wp-json\/wp\/v2\/media?parent=122918"}],"wp:term":[{"taxonomy":"category","embeddable":true,"href":"https:\/\/iparaiba.com.br\/index.php\/wp-json\/wp\/v2\/categories?post=122918"},{"taxonomy":"post_tag","embeddable":true,"href":"https:\/\/iparaiba.com.br\/index.php\/wp-json\/wp\/v2\/tags?post=122918"}],"curies":[{"name":"wp","href":"https:\/\/api.w.org\/{rel}","templated":true}]}}