{"id":122912,"date":"2024-09-20T18:50:28","date_gmt":"2024-09-20T21:50:28","guid":{"rendered":"https:\/\/onordeste.com.br\/?p=122912"},"modified":"2024-09-20T18:50:28","modified_gmt":"2024-09-20T21:50:28","slug":"comissao-especial-de-prevencao-e-combate-ao-assedio-em-pleno-funcionamento","status":"publish","type":"post","link":"https:\/\/iparaiba.com.br\/index.php\/2024\/09\/20\/comissao-especial-de-prevencao-e-combate-ao-assedio-em-pleno-funcionamento\/","title":{"rendered":"Comiss\u00e3o Especial de Preven\u00e7\u00e3o e Combate ao Ass\u00e9dio em pleno funcionamento"},"content":{"rendered":"<p>A Comiss\u00e3o Especial de Preven\u00e7\u00e3o e Combate ao Ass\u00e9dio, uma iniciativa destinada a proteger os direitos dos trabalhadores e das trabalhadoras e garantir a integridade nos ambientes de trabalho dos \u00f3rg\u00e3os da administra\u00e7\u00e3o p\u00fablica estadual, j\u00e1 est\u00e1 em funcionamento na Para\u00edba. Criada com o objetivo de analisar e apurar den\u00fancias de ass\u00e9dio moral e sexual, a Comiss\u00e3o atua de maneira sigilosa e preventiva desde mar\u00e7o deste ano, sendo coordenada pela Secretaria de Estado da Mulher e da Diversidade Humana (Semdh).<\/p>\n<p>A cria\u00e7\u00e3o da Comiss\u00e3o foi oficializada por meio do Decreto Estadual de mar\u00e7o de 2024, que estabelece os procedimentos regulamentares para o registro e investiga\u00e7\u00e3o de casos de ass\u00e9dio. Esse marco legal assegura que qualquer pessoa, seja identificada ou an\u00f4nima, possa apresentar den\u00fancias de ass\u00e9dio moral ou sexual por meio da Ouvidoria Geral do Estado, que oferece atendimento tanto presencial quanto eletr\u00f4nico. Uma vez recebidas, as den\u00fancias s\u00e3o analisadas de forma criteriosa pela Comiss\u00e3o, que tem o papel de conduzir uma triagem inicial. Se forem detectados ind\u00edcios de ass\u00e9dio, os casos s\u00e3o imediatamente encaminhados para apura\u00e7\u00e3o detalhada pelas inst\u00e2ncias competentes, garantindo a aplica\u00e7\u00e3o das medidas cab\u00edveis.<\/p>\n","protected":false},"excerpt":{"rendered":"<p>A Comiss\u00e3o Especial de Preven\u00e7\u00e3o e Combate ao Ass\u00e9dio, uma iniciativa destinada a proteger os direitos dos trabalhadores e das trabalhadoras e garantir a integridade nos ambientes de trabalho dos \u00f3rg\u00e3os da administra\u00e7\u00e3o p\u00fablica estadual, j\u00e1 est\u00e1 em funcionamento na Para\u00edba. Criada com o objetivo de analisar e apurar den\u00fancias de ass\u00e9dio moral e sexual, &hellip;<\/p>\n","protected":false},"author":1,"featured_media":97560,"comment_status":"open","ping_status":"open","sticky":false,"template":"","format":"standard","meta":{"footnotes":""},"categories":[6],"tags":[],"class_list":["post-122912","post","type-post","status-publish","format-standard","has-post-thumbnail","hentry","category-destaques"],"_links":{"self":[{"href":"https:\/\/iparaiba.com.br\/index.php\/wp-json\/wp\/v2\/posts\/122912","targetHints":{"allow":["GET"]}}],"collection":[{"href":"https:\/\/iparaiba.com.br\/index.php\/wp-json\/wp\/v2\/posts"}],"about":[{"href":"https:\/\/iparaiba.com.br\/index.php\/wp-json\/wp\/v2\/types\/post"}],"author":[{"embeddable":true,"href":"https:\/\/iparaiba.com.br\/index.php\/wp-json\/wp\/v2\/users\/1"}],"replies":[{"embeddable":true,"href":"https:\/\/iparaiba.com.br\/index.php\/wp-json\/wp\/v2\/comments?post=122912"}],"version-history":[{"count":1,"href":"https:\/\/iparaiba.com.br\/index.php\/wp-json\/wp\/v2\/posts\/122912\/revisions"}],"predecessor-version":[{"id":122955,"href":"https:\/\/iparaiba.com.br\/index.php\/wp-json\/wp\/v2\/posts\/122912\/revisions\/122955"}],"wp:featuredmedia":[{"embeddable":true,"href":"https:\/\/iparaiba.com.br\/index.php\/wp-json\/wp\/v2\/media\/97560"}],"wp:attachment":[{"href":"https:\/\/iparaiba.com.br\/index.php\/wp-json\/wp\/v2\/media?parent=122912"}],"wp:term":[{"taxonomy":"category","embeddable":true,"href":"https:\/\/iparaiba.com.br\/index.php\/wp-json\/wp\/v2\/categories?post=122912"},{"taxonomy":"post_tag","embeddable":true,"href":"https:\/\/iparaiba.com.br\/index.php\/wp-json\/wp\/v2\/tags?post=122912"}],"curies":[{"name":"wp","href":"https:\/\/api.w.org\/{rel}","templated":true}]}}