{"id":122908,"date":"2024-09-20T14:00:49","date_gmt":"2024-09-20T17:00:49","guid":{"rendered":"https:\/\/onordeste.com.br\/?p=122908"},"modified":"2024-09-20T14:00:49","modified_gmt":"2024-09-20T17:00:49","slug":"governo-firma-parceria-para-incentivar-cooperativas-de-agricultores","status":"publish","type":"post","link":"https:\/\/iparaiba.com.br\/index.php\/2024\/09\/20\/governo-firma-parceria-para-incentivar-cooperativas-de-agricultores\/","title":{"rendered":"Governo firma parceria para incentivar cooperativas de agricultores"},"content":{"rendered":"<p>O Governo da Para\u00edba, por meio da Secretaria de Estado do Desenvolvimento Humano (Sedh), assinou um Termo de Coopera\u00e7\u00e3o T\u00e9cnica com a Organiza\u00e7\u00e3o das Cooperativas Brasileiras no estado da Para\u00edba (OCB\/PB). O intuito \u00e9 formar, capacitar e organizar os produtores rurais, atrav\u00e9s de a\u00e7\u00f5es conjuntas, fortalecendo as atividades econ\u00f4micas e sociais a serem desenvolvidas no estado, por meio de cooperativas agropecu\u00e1rias, com a orienta\u00e7\u00e3o t\u00e9cnica da OCB\/PB e o apoio da Secretaria.<\/p>\n<p>A assinatura do Termo, entre a secret\u00e1ria estadual do Desenvolvimento Humano, Pollyanna Dutra, e o presidente da OCB\/PB, Andr\u00e9 Pacelli Viana, aconteceu na Expofeira Para\u00edba Agroneg\u00f3cio 2024, realizada no Parque de Exposi\u00e7\u00e3o Henrique Vieira de Melo, no bairro do Cristo Redentor, na Capital. Durante o evento, foi realizado o 4\u00ba Semin\u00e1rio do Cooperativismo Agropecu\u00e1rio da Para\u00edba, que reuniu cooperativas, lideran\u00e7as nacionais e estaduais e do ramo agropecu\u00e1rio e parceiros institucionais, oportunidade em que foi celebrada a parceria.<\/p>\n<p>Entre as atribui\u00e7\u00f5es da Sedh, est\u00e1 a realiza\u00e7\u00e3o de cursos, treinamentos, workshop, feiras, exposi\u00e7\u00f5es, encontros rurais e visitas t\u00e9cnicas junto aos produtores e cooperativas agropecu\u00e1rias e seus cooperados; al\u00e9m de criar e fomentar pol\u00edticas p\u00fablicas para atendimento aos agricultores familiares atrav\u00e9s das cooperativas agropecu\u00e1rias.<\/p>\n","protected":false},"excerpt":{"rendered":"<p>O Governo da Para\u00edba, por meio da Secretaria de Estado do Desenvolvimento Humano (Sedh), assinou um Termo de Coopera\u00e7\u00e3o T\u00e9cnica com a Organiza\u00e7\u00e3o das Cooperativas Brasileiras no estado da Para\u00edba (OCB\/PB). O intuito \u00e9 formar, capacitar e organizar os produtores rurais, atrav\u00e9s de a\u00e7\u00f5es conjuntas, fortalecendo as atividades econ\u00f4micas e sociais a serem desenvolvidas no &hellip;<\/p>\n","protected":false},"author":1,"featured_media":106678,"comment_status":"open","ping_status":"open","sticky":false,"template":"","format":"standard","meta":{"footnotes":""},"categories":[3],"tags":[],"class_list":["post-122908","post","type-post","status-publish","format-standard","has-post-thumbnail","hentry","category-nordeste"],"_links":{"self":[{"href":"https:\/\/iparaiba.com.br\/index.php\/wp-json\/wp\/v2\/posts\/122908","targetHints":{"allow":["GET"]}}],"collection":[{"href":"https:\/\/iparaiba.com.br\/index.php\/wp-json\/wp\/v2\/posts"}],"about":[{"href":"https:\/\/iparaiba.com.br\/index.php\/wp-json\/wp\/v2\/types\/post"}],"author":[{"embeddable":true,"href":"https:\/\/iparaiba.com.br\/index.php\/wp-json\/wp\/v2\/users\/1"}],"replies":[{"embeddable":true,"href":"https:\/\/iparaiba.com.br\/index.php\/wp-json\/wp\/v2\/comments?post=122908"}],"version-history":[{"count":1,"href":"https:\/\/iparaiba.com.br\/index.php\/wp-json\/wp\/v2\/posts\/122908\/revisions"}],"predecessor-version":[{"id":122953,"href":"https:\/\/iparaiba.com.br\/index.php\/wp-json\/wp\/v2\/posts\/122908\/revisions\/122953"}],"wp:featuredmedia":[{"embeddable":true,"href":"https:\/\/iparaiba.com.br\/index.php\/wp-json\/wp\/v2\/media\/106678"}],"wp:attachment":[{"href":"https:\/\/iparaiba.com.br\/index.php\/wp-json\/wp\/v2\/media?parent=122908"}],"wp:term":[{"taxonomy":"category","embeddable":true,"href":"https:\/\/iparaiba.com.br\/index.php\/wp-json\/wp\/v2\/categories?post=122908"},{"taxonomy":"post_tag","embeddable":true,"href":"https:\/\/iparaiba.com.br\/index.php\/wp-json\/wp\/v2\/tags?post=122908"}],"curies":[{"name":"wp","href":"https:\/\/api.w.org\/{rel}","templated":true}]}}