{"id":122906,"date":"2024-09-20T12:00:41","date_gmt":"2024-09-20T15:00:41","guid":{"rendered":"https:\/\/onordeste.com.br\/?p=122906"},"modified":"2024-09-20T12:00:41","modified_gmt":"2024-09-20T15:00:41","slug":"setembro-amarelo-juliano-moreira-promove-simposio-sobre-saude-mental","status":"publish","type":"post","link":"https:\/\/iparaiba.com.br\/index.php\/2024\/09\/20\/setembro-amarelo-juliano-moreira-promove-simposio-sobre-saude-mental\/","title":{"rendered":"Setembro Amarelo: Juliano Moreira promove simp\u00f3sio sobre sa\u00fade mental"},"content":{"rendered":"<p>O Complexo Psiqui\u00e1trico Juliano Moreira, unidade da rede estadual de Sa\u00fade, promove, neste s\u00e1bado (21), o 3\u00ba Simp\u00f3sio de Preven\u00e7\u00e3o ao Suic\u00eddio, com a tem\u00e1tica &#8220;Sa\u00fade Mental na Era das Conex\u00f5es Digitais: Desafios e Oportunidades\u201d. O evento faz parte da programa\u00e7\u00e3o realizada pela Secretaria de Estado da Sa\u00fade (SES), na campanha Setembro Amarelo, de combate e preven\u00e7\u00e3o ao suic\u00eddio.<\/p>\n<p>O objetivo \u00e9 compartilhar pesquisas e experi\u00eancias sobre como as intera\u00e7\u00f5es digitais podem afetar de forma negativa o bem-estar emocional e, ao mesmo tempo, servir como aliadas na promo\u00e7\u00e3o da sa\u00fade mental. O simp\u00f3sio para profissionais de sa\u00fade e tamb\u00e9m de outras \u00e1reas, al\u00e9m de estudantes e todos os interessados no tema, ser\u00e1 na sede do Conselho Regional de Medicina (CRM), em Jo\u00e3o Pessoa, das 8h30 \u00e0s 17h.<\/p>\n<p>Segundo o diretor geral do Complexo, Tercio Ramos, nada mais oportuno do que o Complexo Psiqui\u00e1trico Juliano Moreira, enquanto institui\u00e7\u00e3o que cuida da sa\u00fade mental da popula\u00e7\u00e3o paraibana, trazer para a sociedade uma tem\u00e1tica t\u00e3o atual como essa. \u201cSempre que buscamos a tem\u00e1tica para o simp\u00f3sio, observamos a nossa demanda, o contexto local, nacional e mundial, alinhando-se aos estudos e evid\u00eancias mais atuais. Como se observa, no mundo h\u00e1 crescente rela\u00e7\u00e3o de casos de ansiedade, depress\u00e3o e sofrimento mental, em geral, relacionado ao uso excessivo dos recursos digitais\u201d, pontuou.<\/p>\n<p>Tercio acrescentou ainda que \u201ca intera\u00e7\u00e3o constante nas redes sociais, a press\u00e3o para estar sempre dispon\u00edvel e a sobrecarga de informa\u00e7\u00f5es s\u00e3o apenas alguns dos fatores que podem afetar nossa sa\u00fade emocional e psicol\u00f3gica. A tecnologia tem o potencial de ser uma ferramenta poderosa para o bem-estar, mas tamb\u00e9m \u00e9 crucial reconhecer e abordar os riscos associados\u201d, observou.<\/p>\n","protected":false},"excerpt":{"rendered":"<p>O Complexo Psiqui\u00e1trico Juliano Moreira, unidade da rede estadual de Sa\u00fade, promove, neste s\u00e1bado (21), o 3\u00ba Simp\u00f3sio de Preven\u00e7\u00e3o ao Suic\u00eddio, com a tem\u00e1tica &#8220;Sa\u00fade Mental na Era das Conex\u00f5es Digitais: Desafios e Oportunidades\u201d. O evento faz parte da programa\u00e7\u00e3o realizada pela Secretaria de Estado da Sa\u00fade (SES), na campanha Setembro Amarelo, de combate &hellip;<\/p>\n","protected":false},"author":1,"featured_media":115334,"comment_status":"open","ping_status":"open","sticky":false,"template":"","format":"standard","meta":{"footnotes":""},"categories":[2],"tags":[],"class_list":["post-122906","post","type-post","status-publish","format-standard","has-post-thumbnail","hentry","category-saude"],"_links":{"self":[{"href":"https:\/\/iparaiba.com.br\/index.php\/wp-json\/wp\/v2\/posts\/122906","targetHints":{"allow":["GET"]}}],"collection":[{"href":"https:\/\/iparaiba.com.br\/index.php\/wp-json\/wp\/v2\/posts"}],"about":[{"href":"https:\/\/iparaiba.com.br\/index.php\/wp-json\/wp\/v2\/types\/post"}],"author":[{"embeddable":true,"href":"https:\/\/iparaiba.com.br\/index.php\/wp-json\/wp\/v2\/users\/1"}],"replies":[{"embeddable":true,"href":"https:\/\/iparaiba.com.br\/index.php\/wp-json\/wp\/v2\/comments?post=122906"}],"version-history":[{"count":1,"href":"https:\/\/iparaiba.com.br\/index.php\/wp-json\/wp\/v2\/posts\/122906\/revisions"}],"predecessor-version":[{"id":122952,"href":"https:\/\/iparaiba.com.br\/index.php\/wp-json\/wp\/v2\/posts\/122906\/revisions\/122952"}],"wp:featuredmedia":[{"embeddable":true,"href":"https:\/\/iparaiba.com.br\/index.php\/wp-json\/wp\/v2\/media\/115334"}],"wp:attachment":[{"href":"https:\/\/iparaiba.com.br\/index.php\/wp-json\/wp\/v2\/media?parent=122906"}],"wp:term":[{"taxonomy":"category","embeddable":true,"href":"https:\/\/iparaiba.com.br\/index.php\/wp-json\/wp\/v2\/categories?post=122906"},{"taxonomy":"post_tag","embeddable":true,"href":"https:\/\/iparaiba.com.br\/index.php\/wp-json\/wp\/v2\/tags?post=122906"}],"curies":[{"name":"wp","href":"https:\/\/api.w.org\/{rel}","templated":true}]}}