{"id":122904,"date":"2024-09-20T10:00:05","date_gmt":"2024-09-20T13:00:05","guid":{"rendered":"https:\/\/onordeste.com.br\/?p=122904"},"modified":"2024-09-20T10:00:05","modified_gmt":"2024-09-20T13:00:05","slug":"vendas-do-varejo-crescem-18-em-julho-e-registram-2o-maior-alta-do-pais","status":"publish","type":"post","link":"https:\/\/iparaiba.com.br\/index.php\/2024\/09\/20\/vendas-do-varejo-crescem-18-em-julho-e-registram-2o-maior-alta-do-pais\/","title":{"rendered":"Vendas do varejo crescem 18% em julho e registram 2\u00ba maior alta do Pa\u00eds"},"content":{"rendered":"<p style=\"text-align: left;\" align=\"center\">Favorecido pelo ambiente prop\u00edcio ao consumo como infla\u00e7\u00e3o controlada, mercado de trabalho aquecido e aumento da renda, as vendas do varejo paraibano expandiram 18% em julho sobre o mesmo m\u00eas do ano passado, segundo dados da Pesquisa Mensal do Com\u00e9rcio (PMC), divulgada pelo Instituto Brasileiro de Geografia e Estat\u00edstica (IBGE), nesta quinta-feira (12). Foi a segunda maior taxa de crescimento entre os 26 Estados e o Distrito Industrial, que em julho foi liderada por Tocantins (18,1%), enquanto o Pa\u00eds apresentou alta de 4,4%.<\/p>\n<p>Na compara\u00e7\u00e3o com julho sobre junho, a Para\u00edba registrou alta de 3%, o terceiro maior crescimento do Pa\u00eds, que apresentou alta m\u00e9dia de 0,6%. As tr\u00eas maiores taxas neste indicador foram Tocantins (6,7%), Piau\u00ed (3,5%) e Para\u00edba (3%).<\/p>\n<p>No acumulado de janeiro a julho deste ano, o volume de vendas do varejo paraibano j\u00e1 atingiu dois d\u00edgitos (10,9%), tamb\u00e9m ficando com a segunda maior taxa do Pa\u00eds, liderada por Tocantins (17,2%). J\u00e1 o Pa\u00eds apresentou alta de 5,1% nos sete meses deste ano.<\/p>\n<p><b>DESTAQUE NO CEN\u00c1RIO NACIONAL\u00a0\u00a0\u2013<\/b>\u00a0\u00a0\u00a0\u00a0Em destaque no cen\u00e1rio nacional, a Pesquisa Mensal do IBGE registrou que a Para\u00edba, neste ano, j\u00e1 apresentou\u00a0as maiores taxas do varejo em dois meses: fevereiro (19,6%) e junho (16,4%), enquanto nos meses de maio (14,9%) e julho (18%) o Estado ficou com a 2\u00aa maior taxa de crescimento.<\/p>\n<p><b>COM\u00c9RCIO AMPLIADO \u2013\u00a0<\/b>No indicador do com\u00e9rcio varejista ampliado \u2013, que inclui atividades de ve\u00edculos, motos, partes e pe\u00e7as, material de constru\u00e7\u00e3o e atacado de produtos aliment\u00edcios, bebidas e fumo \u2013, a Para\u00edba tamb\u00e9m foi destaque nacional ao apresentar expans\u00e3o de 20,3% em julho sobre o mesmo m\u00eas do ano passado, mantendo tamb\u00e9m 3\u00aa maior taxa no indicador entre as 26 unidades da federa\u00e7\u00e3o e o Distrito Federal, enquanto a m\u00e9dia nacional ficou em 9,2%. Nos outros comparativos do com\u00e9rcio ampliado, a Para\u00edba registrou alta de 2,2% de julho sobre junho e, no acumulado dos sete meses deste ano, a alta chegou a dois d\u00edgitos (12,8%), bem acima das m\u00e9dias do Pa\u00eds que registrou alta de 0,9% e de 8,4%, respectivamente.<\/p>\n","protected":false},"excerpt":{"rendered":"<p>Favorecido pelo ambiente prop\u00edcio ao consumo como infla\u00e7\u00e3o controlada, mercado de trabalho aquecido e aumento da renda, as vendas do varejo paraibano expandiram 18% em julho sobre o mesmo m\u00eas do ano passado, segundo dados da Pesquisa Mensal do Com\u00e9rcio (PMC), divulgada pelo Instituto Brasileiro de Geografia e Estat\u00edstica (IBGE), nesta quinta-feira (12). Foi a &hellip;<\/p>\n","protected":false},"author":1,"featured_media":100554,"comment_status":"open","ping_status":"open","sticky":false,"template":"","format":"standard","meta":{"footnotes":""},"categories":[16],"tags":[],"class_list":["post-122904","post","type-post","status-publish","format-standard","has-post-thumbnail","hentry","category-economia"],"_links":{"self":[{"href":"https:\/\/iparaiba.com.br\/index.php\/wp-json\/wp\/v2\/posts\/122904","targetHints":{"allow":["GET"]}}],"collection":[{"href":"https:\/\/iparaiba.com.br\/index.php\/wp-json\/wp\/v2\/posts"}],"about":[{"href":"https:\/\/iparaiba.com.br\/index.php\/wp-json\/wp\/v2\/types\/post"}],"author":[{"embeddable":true,"href":"https:\/\/iparaiba.com.br\/index.php\/wp-json\/wp\/v2\/users\/1"}],"replies":[{"embeddable":true,"href":"https:\/\/iparaiba.com.br\/index.php\/wp-json\/wp\/v2\/comments?post=122904"}],"version-history":[{"count":1,"href":"https:\/\/iparaiba.com.br\/index.php\/wp-json\/wp\/v2\/posts\/122904\/revisions"}],"predecessor-version":[{"id":122951,"href":"https:\/\/iparaiba.com.br\/index.php\/wp-json\/wp\/v2\/posts\/122904\/revisions\/122951"}],"wp:featuredmedia":[{"embeddable":true,"href":"https:\/\/iparaiba.com.br\/index.php\/wp-json\/wp\/v2\/media\/100554"}],"wp:attachment":[{"href":"https:\/\/iparaiba.com.br\/index.php\/wp-json\/wp\/v2\/media?parent=122904"}],"wp:term":[{"taxonomy":"category","embeddable":true,"href":"https:\/\/iparaiba.com.br\/index.php\/wp-json\/wp\/v2\/categories?post=122904"},{"taxonomy":"post_tag","embeddable":true,"href":"https:\/\/iparaiba.com.br\/index.php\/wp-json\/wp\/v2\/tags?post=122904"}],"curies":[{"name":"wp","href":"https:\/\/api.w.org\/{rel}","templated":true}]}}