{"id":122898,"date":"2024-09-19T17:38:29","date_gmt":"2024-09-19T20:38:29","guid":{"rendered":"https:\/\/onordeste.com.br\/?p=122898"},"modified":"2024-09-19T17:38:29","modified_gmt":"2024-09-19T20:38:29","slug":"pf-e-anatel-deflagram-operacao-em-combate-a-radios-clandestinas","status":"publish","type":"post","link":"https:\/\/iparaiba.com.br\/index.php\/2024\/09\/19\/pf-e-anatel-deflagram-operacao-em-combate-a-radios-clandestinas\/","title":{"rendered":"PF e Anatel deflagram opera\u00e7\u00e3o em combate a r\u00e1dios clandestinas"},"content":{"rendered":"<p><strong>Guaruj\u00e1\/SP.<\/strong>\u00a0A Pol\u00edcia Federal, em a\u00e7\u00e3o conjunta com a\u00a0Ag\u00eancia Nacional de Telecomunica\u00e7\u00f5es (Anatel), deflagrou nesta quinta-feira, 19\/9, opera\u00e7\u00e3o para coibir a atua\u00e7\u00e3o de r\u00e1dios clandestinas na cidade do Guaruj\u00e1, no litoral de S\u00e3o Paulo.<\/p>\n<p>A a\u00e7\u00e3o conjunta busca garantir a legalidade das transmiss\u00f5es de r\u00e1dio e proteger o espectro radiof\u00f4nico utilizado de forma irregular, colocando em risco a comunica\u00e7\u00e3o p\u00fablica.<\/p>\n<p><em>Comunica\u00e7\u00e3o Social da Pol\u00edcia Federal em Santos\/SP<\/em><\/p>\n","protected":false},"excerpt":{"rendered":"<p>Guaruj\u00e1\/SP.\u00a0A Pol\u00edcia Federal, em a\u00e7\u00e3o conjunta com a\u00a0Ag\u00eancia Nacional de Telecomunica\u00e7\u00f5es (Anatel), deflagrou nesta quinta-feira, 19\/9, opera\u00e7\u00e3o para coibir a atua\u00e7\u00e3o de r\u00e1dios clandestinas na cidade do Guaruj\u00e1, no litoral de S\u00e3o Paulo. A a\u00e7\u00e3o conjunta busca garantir a legalidade das transmiss\u00f5es de r\u00e1dio e proteger o espectro radiof\u00f4nico utilizado de forma irregular, colocando em &hellip;<\/p>\n","protected":false},"author":1,"featured_media":97557,"comment_status":"open","ping_status":"open","sticky":false,"template":"","format":"standard","meta":{"footnotes":""},"categories":[13],"tags":[],"class_list":["post-122898","post","type-post","status-publish","format-standard","has-post-thumbnail","hentry","category-policial"],"_links":{"self":[{"href":"https:\/\/iparaiba.com.br\/index.php\/wp-json\/wp\/v2\/posts\/122898","targetHints":{"allow":["GET"]}}],"collection":[{"href":"https:\/\/iparaiba.com.br\/index.php\/wp-json\/wp\/v2\/posts"}],"about":[{"href":"https:\/\/iparaiba.com.br\/index.php\/wp-json\/wp\/v2\/types\/post"}],"author":[{"embeddable":true,"href":"https:\/\/iparaiba.com.br\/index.php\/wp-json\/wp\/v2\/users\/1"}],"replies":[{"embeddable":true,"href":"https:\/\/iparaiba.com.br\/index.php\/wp-json\/wp\/v2\/comments?post=122898"}],"version-history":[{"count":0,"href":"https:\/\/iparaiba.com.br\/index.php\/wp-json\/wp\/v2\/posts\/122898\/revisions"}],"wp:featuredmedia":[{"embeddable":true,"href":"https:\/\/iparaiba.com.br\/index.php\/wp-json\/wp\/v2\/media\/97557"}],"wp:attachment":[{"href":"https:\/\/iparaiba.com.br\/index.php\/wp-json\/wp\/v2\/media?parent=122898"}],"wp:term":[{"taxonomy":"category","embeddable":true,"href":"https:\/\/iparaiba.com.br\/index.php\/wp-json\/wp\/v2\/categories?post=122898"},{"taxonomy":"post_tag","embeddable":true,"href":"https:\/\/iparaiba.com.br\/index.php\/wp-json\/wp\/v2\/tags?post=122898"}],"curies":[{"name":"wp","href":"https:\/\/api.w.org\/{rel}","templated":true}]}}