{"id":122896,"date":"2024-09-19T17:37:30","date_gmt":"2024-09-19T20:37:30","guid":{"rendered":"https:\/\/onordeste.com.br\/?p=122896"},"modified":"2024-09-19T17:37:30","modified_gmt":"2024-09-19T20:37:30","slug":"pf-desarticula-organizacao-criminosa-especializada-no-trafico-transnacional-de-drogas","status":"publish","type":"post","link":"https:\/\/iparaiba.com.br\/index.php\/2024\/09\/19\/pf-desarticula-organizacao-criminosa-especializada-no-trafico-transnacional-de-drogas\/","title":{"rendered":"PF desarticula organiza\u00e7\u00e3o criminosa especializada no tr\u00e1fico transnacional de drogas"},"content":{"rendered":"<p><b>Ponta Por\u00e3\/MS.<\/b>\u00a0A Pol\u00edcia Federal deflagrou, nesta quinta-feira (19\/9), a Opera\u00e7\u00e3o Olho de Vidro que visa combater o tr\u00e1fico transnacional de drogas, praticado por organiza\u00e7\u00e3o criminosa. Durante a opera\u00e7\u00e3o, foram cumpridos 12 mandados de pris\u00e3o e 16 de busca e apreens\u00e3o em nove cidades de seis estados (MS, MT, PE, SP, SC e GO), incluindo a interdi\u00e7\u00e3o de duas empresas e a apreens\u00e3o de ve\u00edculos, im\u00f3veis e valores em contas banc\u00e1rias dos 17 investigados.<\/p>\n<p>As investiga\u00e7\u00f5es tiveram in\u00edcio em maio de 2022, em apura\u00e7\u00e3o dos respons\u00e1veis por encaminhar carga de maconha e coca\u00edna (cerca de 400 kg), que estava sendo transportada em um caminh\u00e3o apreendido em Ponta Por\u00e3\/MS. A partir desta ocorr\u00eancia, foi identificada a atua\u00e7\u00e3o de uma organiza\u00e7\u00e3o criminosa.<\/p>\n<p>Durante as dilig\u00eancias, al\u00e9m das pris\u00f5es e buscas realizadas, duas pessoas jur\u00eddicas foram interditadas, in\u00fameros ve\u00edculos foram apreendidos e grande numer\u00e1rio de valores foi bloqueado nas contas dos investigados.<\/p>\n<p>Ademais, foram efetuadas sete pris\u00f5es em flagrante pelos delitos de posse irregular de arma de fogo (de uso restrito) e tr\u00e1fico de drogas, com consequente apreens\u00e3o de: quatro pistolas, uma escopeta, coca\u00edna e maconha.<\/p>\n<p><em>Comunica\u00e7\u00e3o Social da\u00a0Pol\u00edcia Federal em Mato Grosso do Sul<\/em><\/p>\n","protected":false},"excerpt":{"rendered":"<p>Ponta Por\u00e3\/MS.\u00a0A Pol\u00edcia Federal deflagrou, nesta quinta-feira (19\/9), a Opera\u00e7\u00e3o Olho de Vidro que visa combater o tr\u00e1fico transnacional de drogas, praticado por organiza\u00e7\u00e3o criminosa. Durante a opera\u00e7\u00e3o, foram cumpridos 12 mandados de pris\u00e3o e 16 de busca e apreens\u00e3o em nove cidades de seis estados (MS, MT, PE, SP, SC e GO), incluindo a &hellip;<\/p>\n","protected":false},"author":1,"featured_media":109505,"comment_status":"open","ping_status":"open","sticky":false,"template":"","format":"standard","meta":{"footnotes":""},"categories":[13],"tags":[],"class_list":["post-122896","post","type-post","status-publish","format-standard","has-post-thumbnail","hentry","category-policial"],"_links":{"self":[{"href":"https:\/\/iparaiba.com.br\/index.php\/wp-json\/wp\/v2\/posts\/122896","targetHints":{"allow":["GET"]}}],"collection":[{"href":"https:\/\/iparaiba.com.br\/index.php\/wp-json\/wp\/v2\/posts"}],"about":[{"href":"https:\/\/iparaiba.com.br\/index.php\/wp-json\/wp\/v2\/types\/post"}],"author":[{"embeddable":true,"href":"https:\/\/iparaiba.com.br\/index.php\/wp-json\/wp\/v2\/users\/1"}],"replies":[{"embeddable":true,"href":"https:\/\/iparaiba.com.br\/index.php\/wp-json\/wp\/v2\/comments?post=122896"}],"version-history":[{"count":0,"href":"https:\/\/iparaiba.com.br\/index.php\/wp-json\/wp\/v2\/posts\/122896\/revisions"}],"wp:featuredmedia":[{"embeddable":true,"href":"https:\/\/iparaiba.com.br\/index.php\/wp-json\/wp\/v2\/media\/109505"}],"wp:attachment":[{"href":"https:\/\/iparaiba.com.br\/index.php\/wp-json\/wp\/v2\/media?parent=122896"}],"wp:term":[{"taxonomy":"category","embeddable":true,"href":"https:\/\/iparaiba.com.br\/index.php\/wp-json\/wp\/v2\/categories?post=122896"},{"taxonomy":"post_tag","embeddable":true,"href":"https:\/\/iparaiba.com.br\/index.php\/wp-json\/wp\/v2\/tags?post=122896"}],"curies":[{"name":"wp","href":"https:\/\/api.w.org\/{rel}","templated":true}]}}