{"id":122893,"date":"2024-09-16T08:42:01","date_gmt":"2024-09-16T11:42:01","guid":{"rendered":"https:\/\/onordeste.com.br\/?p=122847"},"modified":"2024-09-16T08:42:01","modified_gmt":"2024-09-16T11:42:01","slug":"alpb-leva-acoes-do-programa-rompa-o-ciclo-da-violencia","status":"publish","type":"post","link":"https:\/\/iparaiba.com.br\/index.php\/2024\/09\/16\/alpb-leva-acoes-do-programa-rompa-o-ciclo-da-violencia\/","title":{"rendered":"ALPB leva a\u00e7\u00f5es do programa &#8220;Rompa o Ciclo da Viol\u00eancia&#8221;"},"content":{"rendered":"<p>A Assembleia Legislativa da Para\u00edba (ALPB), por meio da Secretaria das Comiss\u00f5es, realizou mais um debate sobre a luta contra a viol\u00eancia de g\u00eanero com o Programa \u201cRompa o Ciclo da Viol\u00eancia\u201d. Dessa vez, o evento aconteceu na cidade de Patos no Sert\u00e3o do estado.<\/p>\n<p>O programa, idealizado pelo presidente da Assembleia Legislativa, Adriano Galdino, e pela bancada feminina, tem se destacado como uma iniciativa inovadora no combate \u00e0 viol\u00eancia contra as mulheres no estado. Com foco na conscientiza\u00e7\u00e3o e empoderamento, o programa busca fornecer \u00e0s mulheres as ferramentas necess\u00e1rias para romper com o ciclo de viol\u00eancia que muitas enfrentam.<\/p>\n<p>Segundo a diretora do Controle da Legisla\u00e7\u00e3o Estadual, Anna Ge\u00f3rgia Feitosa, a proposta surgiu da compreens\u00e3o de que apenas legisla\u00e7\u00f5es n\u00e3o s\u00e3o suficientes para resolver o problema. &#8220;Nosso primeiro passo foi compilar todas as leis estaduais que protegem as mulheres, para que elas possam ter acesso a essas informa\u00e7\u00f5es e entender seus direitos&#8221;, explicou a diretora. O programa visa incentivar as mulheres a dizerem &#8220;n\u00e3o&#8221; \u00e0 viol\u00eancia e reconhecerem quando est\u00e3o sendo v\u00edtimas de abusos, sejam eles f\u00edsicos, psicol\u00f3gicos, patrimoniais ou sexuais.<\/p>\n","protected":false},"excerpt":{"rendered":"<p>A Assembleia Legislativa da Para\u00edba (ALPB), por meio da Secretaria das Comiss\u00f5es, realizou mais um debate sobre a luta contra a viol\u00eancia de g\u00eanero com o Programa \u201cRompa o Ciclo da Viol\u00eancia\u201d. Dessa vez, o evento aconteceu na cidade de Patos no Sert\u00e3o do estado. O programa, idealizado pelo presidente da Assembleia Legislativa, Adriano Galdino, &hellip;<\/p>\n","protected":false},"author":1,"featured_media":102125,"comment_status":"open","ping_status":"open","sticky":false,"template":"","format":"standard","meta":{"footnotes":""},"categories":[10],"tags":[],"class_list":["post-122893","post","type-post","status-publish","format-standard","has-post-thumbnail","hentry","category-manchetes"],"_links":{"self":[{"href":"https:\/\/iparaiba.com.br\/index.php\/wp-json\/wp\/v2\/posts\/122893","targetHints":{"allow":["GET"]}}],"collection":[{"href":"https:\/\/iparaiba.com.br\/index.php\/wp-json\/wp\/v2\/posts"}],"about":[{"href":"https:\/\/iparaiba.com.br\/index.php\/wp-json\/wp\/v2\/types\/post"}],"author":[{"embeddable":true,"href":"https:\/\/iparaiba.com.br\/index.php\/wp-json\/wp\/v2\/users\/1"}],"replies":[{"embeddable":true,"href":"https:\/\/iparaiba.com.br\/index.php\/wp-json\/wp\/v2\/comments?post=122893"}],"version-history":[{"count":0,"href":"https:\/\/iparaiba.com.br\/index.php\/wp-json\/wp\/v2\/posts\/122893\/revisions"}],"wp:featuredmedia":[{"embeddable":true,"href":"https:\/\/iparaiba.com.br\/index.php\/wp-json\/wp\/v2\/media\/102125"}],"wp:attachment":[{"href":"https:\/\/iparaiba.com.br\/index.php\/wp-json\/wp\/v2\/media?parent=122893"}],"wp:term":[{"taxonomy":"category","embeddable":true,"href":"https:\/\/iparaiba.com.br\/index.php\/wp-json\/wp\/v2\/categories?post=122893"},{"taxonomy":"post_tag","embeddable":true,"href":"https:\/\/iparaiba.com.br\/index.php\/wp-json\/wp\/v2\/tags?post=122893"}],"curies":[{"name":"wp","href":"https:\/\/api.w.org\/{rel}","templated":true}]}}