{"id":122892,"date":"2024-09-16T08:40:44","date_gmt":"2024-09-16T11:40:44","guid":{"rendered":"https:\/\/onordeste.com.br\/?p=122845"},"modified":"2024-09-16T08:40:44","modified_gmt":"2024-09-16T11:40:44","slug":"cmjp-comemora-o-dia-do-administrador-e-debate-o-alzheimer","status":"publish","type":"post","link":"https:\/\/iparaiba.com.br\/index.php\/2024\/09\/16\/cmjp-comemora-o-dia-do-administrador-e-debate-o-alzheimer\/","title":{"rendered":"CMJP comemora o Dia do Administrador e debate o Alzheimer"},"content":{"rendered":"<p style=\"font-weight: 400;\">A semana que compreende o per\u00edodo de 16 a 20 de setembro ser\u00e1 marcada, na C\u00e2mara Municipal de Jo\u00e3o Pessoa (CMJP), por sess\u00f5es comemorativas e de debate sobre o Alzheimer, al\u00e9m de entregas de T\u00edtulos de Cidad\u00e3o Pessoense.<\/p>\n<p style=\"font-weight: 400;\">A primeira sess\u00e3o da semana acontece na pr\u00f3xima segunda-feira (16), a partir das 9h, e ir\u00e1 comemorar o Dia do Administrador. A propositura \u00e9 do vereador Milanez Neto (MDB).<\/p>\n<p style=\"font-weight: 400;\">No mesmo dia, a partir das 14h, acontece a sess\u00e3o especial para debater o tema \u201cAlzheimer: \u00e9 hora de agir. Vamos tentar prevenir os fatores de risco\u201d. O vereador Marcos Henriques (PT) \u00e9 o autor da sess\u00e3o.<\/p>\n<p style=\"font-weight: 400;\">Na ter\u00e7a-feira (17), acontece a sess\u00e3o solene conjunta com a Assembleia Legislativa da Para\u00edba (ALPB) para entrega dos T\u00edtulos de Cidad\u00e3o Pessoense e Paraibano ao m\u00e9dico C\u00e1ssio Virg\u00edlio Cavalcante de Oliveira. A solenidade ser\u00e1 realizada a partir das 15h, no Plen\u00e1rio da ALPB, e segue propositura da Mesa Diretora da CMJP.<\/p>\n<p style=\"font-weight: 400;\">J\u00e1 na quarta-feira (18), a partir das 14h, acontece a sess\u00e3o para entrega do T\u00edtulo de Cidad\u00e3o Pessoense ao m\u00e9dico Alexandre Cesar da Cruz Lima. A propositura \u00e9 do vereador Bruno Farias (Avante).<\/p>\n","protected":false},"excerpt":{"rendered":"<p>A semana que compreende o per\u00edodo de 16 a 20 de setembro ser\u00e1 marcada, na C\u00e2mara Municipal de Jo\u00e3o Pessoa (CMJP), por sess\u00f5es comemorativas e de debate sobre o Alzheimer, al\u00e9m de entregas de T\u00edtulos de Cidad\u00e3o Pessoense. A primeira sess\u00e3o da semana acontece na pr\u00f3xima segunda-feira (16), a partir das 9h, e ir\u00e1 comemorar &hellip;<\/p>\n","protected":false},"author":1,"featured_media":97717,"comment_status":"open","ping_status":"open","sticky":false,"template":"","format":"standard","meta":{"footnotes":""},"categories":[8],"tags":[],"class_list":["post-122892","post","type-post","status-publish","format-standard","has-post-thumbnail","hentry","category-politica"],"_links":{"self":[{"href":"https:\/\/iparaiba.com.br\/index.php\/wp-json\/wp\/v2\/posts\/122892","targetHints":{"allow":["GET"]}}],"collection":[{"href":"https:\/\/iparaiba.com.br\/index.php\/wp-json\/wp\/v2\/posts"}],"about":[{"href":"https:\/\/iparaiba.com.br\/index.php\/wp-json\/wp\/v2\/types\/post"}],"author":[{"embeddable":true,"href":"https:\/\/iparaiba.com.br\/index.php\/wp-json\/wp\/v2\/users\/1"}],"replies":[{"embeddable":true,"href":"https:\/\/iparaiba.com.br\/index.php\/wp-json\/wp\/v2\/comments?post=122892"}],"version-history":[{"count":0,"href":"https:\/\/iparaiba.com.br\/index.php\/wp-json\/wp\/v2\/posts\/122892\/revisions"}],"wp:featuredmedia":[{"embeddable":true,"href":"https:\/\/iparaiba.com.br\/index.php\/wp-json\/wp\/v2\/media\/97717"}],"wp:attachment":[{"href":"https:\/\/iparaiba.com.br\/index.php\/wp-json\/wp\/v2\/media?parent=122892"}],"wp:term":[{"taxonomy":"category","embeddable":true,"href":"https:\/\/iparaiba.com.br\/index.php\/wp-json\/wp\/v2\/categories?post=122892"},{"taxonomy":"post_tag","embeddable":true,"href":"https:\/\/iparaiba.com.br\/index.php\/wp-json\/wp\/v2\/tags?post=122892"}],"curies":[{"name":"wp","href":"https:\/\/api.w.org\/{rel}","templated":true}]}}