{"id":122888,"date":"2024-09-10T14:31:13","date_gmt":"2024-09-10T17:31:13","guid":{"rendered":"https:\/\/onordeste.com.br\/?p=122834"},"modified":"2024-09-10T14:31:13","modified_gmt":"2024-09-10T17:31:13","slug":"romero-rodrigues-anuncia-mandato-que-pretende-disputar-em-2026","status":"publish","type":"post","link":"https:\/\/iparaiba.com.br\/index.php\/2024\/09\/10\/romero-rodrigues-anuncia-mandato-que-pretende-disputar-em-2026\/","title":{"rendered":"Romero Rodrigues garante que vai disputar mandato de deputado federal"},"content":{"rendered":"<p>O deputado Romero Rodrigues, do Podemos, afirmou que \u201cmeu projeto (para 2026) \u00e9 de reelei\u00e7\u00e3o para deputado federal\u201d.<\/p>\n<p>\u2013 Estou trabalhando intensamente nisto, buscando ampliar a minha base \u2013 acrescentou o parlamentar.<\/p>\n<p>Notas da coluna Aparte, assinada pelo jornalista Arimat\u00e9a Souza.<\/p>\n<p>Para ler a edi\u00e7\u00e3o completa desta segunda-feira,\u00a0<a href=\"https:\/\/paraibaonline.com.br\/arimatea-souza\/noticias\/romero-rodrigues-com-caminho-escolhido\/\">acesse aqui<\/a>.<\/p>\n<p>Paraibaonline<\/p>\n","protected":false},"excerpt":{"rendered":"<p>O deputado Romero Rodrigues, do Podemos, afirmou que \u201cmeu projeto (para 2026) \u00e9 de reelei\u00e7\u00e3o para deputado federal\u201d. \u2013 Estou trabalhando intensamente nisto, buscando ampliar a minha base \u2013 acrescentou o parlamentar. Notas da coluna Aparte, assinada pelo jornalista Arimat\u00e9a Souza. Para ler a edi\u00e7\u00e3o completa desta segunda-feira,\u00a0acesse aqui. Paraibaonline<\/p>\n","protected":false},"author":1,"featured_media":100538,"comment_status":"open","ping_status":"open","sticky":false,"template":"","format":"standard","meta":{"footnotes":""},"categories":[8],"tags":[],"class_list":["post-122888","post","type-post","status-publish","format-standard","has-post-thumbnail","hentry","category-politica"],"_links":{"self":[{"href":"https:\/\/iparaiba.com.br\/index.php\/wp-json\/wp\/v2\/posts\/122888","targetHints":{"allow":["GET"]}}],"collection":[{"href":"https:\/\/iparaiba.com.br\/index.php\/wp-json\/wp\/v2\/posts"}],"about":[{"href":"https:\/\/iparaiba.com.br\/index.php\/wp-json\/wp\/v2\/types\/post"}],"author":[{"embeddable":true,"href":"https:\/\/iparaiba.com.br\/index.php\/wp-json\/wp\/v2\/users\/1"}],"replies":[{"embeddable":true,"href":"https:\/\/iparaiba.com.br\/index.php\/wp-json\/wp\/v2\/comments?post=122888"}],"version-history":[{"count":0,"href":"https:\/\/iparaiba.com.br\/index.php\/wp-json\/wp\/v2\/posts\/122888\/revisions"}],"wp:featuredmedia":[{"embeddable":true,"href":"https:\/\/iparaiba.com.br\/index.php\/wp-json\/wp\/v2\/media\/100538"}],"wp:attachment":[{"href":"https:\/\/iparaiba.com.br\/index.php\/wp-json\/wp\/v2\/media?parent=122888"}],"wp:term":[{"taxonomy":"category","embeddable":true,"href":"https:\/\/iparaiba.com.br\/index.php\/wp-json\/wp\/v2\/categories?post=122888"},{"taxonomy":"post_tag","embeddable":true,"href":"https:\/\/iparaiba.com.br\/index.php\/wp-json\/wp\/v2\/tags?post=122888"}],"curies":[{"name":"wp","href":"https:\/\/api.w.org\/{rel}","templated":true}]}}