{"id":122832,"date":"2024-09-08T11:28:38","date_gmt":"2024-09-08T14:28:38","guid":{"rendered":"https:\/\/onordeste.com.br\/?p=122794"},"modified":"2024-09-08T11:28:38","modified_gmt":"2024-09-08T14:28:38","slug":"camara-debate-seguranca-no-transito-e-saude","status":"publish","type":"post","link":"https:\/\/iparaiba.com.br\/index.php\/2024\/09\/08\/camara-debate-seguranca-no-transito-e-saude\/","title":{"rendered":"C\u00e2mara debate seguran\u00e7a no tr\u00e2nsito e sa\u00fade"},"content":{"rendered":"<p style=\"font-weight: 400;\">A C\u00e2mara Municipal de Jo\u00e3o Pessoa (CMJP) debateu, dentre outros assuntos, a seguran\u00e7a no tr\u00e2nsito e a assist\u00eancia de sa\u00fade na Capital, durante a sess\u00e3o ordin\u00e1ria.<\/p>\n<p style=\"font-weight: 400;\">Dado o n\u00famero crescente de acidentes de tr\u00e2nsito na Capital e as consequ\u00eancias deles, n\u00e3o apenas na vida do pessoense, como tamb\u00e9m no custo para a na\u00e7\u00e3o com leitos hospitalares cheios, foi solicitado \u00e0 Superintend\u00eancia Executiva de Mobilidade Urbana (Semob) a realiza\u00e7\u00e3o de campanhas educativas na m\u00eddia chamando aten\u00e7\u00e3o para a import\u00e2ncia do respeito \u00e0 sinaliza\u00e7\u00e3o de tr\u00e2nsito.<\/p>\n<p style=\"font-weight: 400;\">No tocante \u00e0 assist\u00eancia \u00e0 Sa\u00fade, foi destacada a import\u00e2ncia da realiza\u00e7\u00e3o do exame de ecocardiograma fetal e da disponibiliza\u00e7\u00e3o do procedimento na Rede Municipal de Sa\u00fade. O exame pode detectar cardiopatias cong\u00eanitas, anomalias e malforma\u00e7\u00f5es no cora\u00e7\u00e3o do beb\u00ea e \u00e9 indicado que seja realizado no primeiro trimestre da gesta\u00e7\u00e3o.<\/p>\n<p style=\"font-weight: 400;\">Ainda foi solicitado que o Mercado P\u00fablico de Oitizeiro seja reformado e n\u00e3o seja deslocado de seu lugar de origem. Hoje, o mercado est\u00e1 situado na Avenida Cruz das Armas e a previs\u00e3o \u00e9 de que ele seja transferido para uma \u00e1rea pr\u00f3xima ao viaduto das Tr\u00eas Lagoas, \u00e0s margens da BR-230. Por\u00e9m, segundo parlamentares, a nova localiza\u00e7\u00e3o n\u00e3o tem a infraestrutura necess\u00e1ria para suportar as demandas do mercado p\u00fablico.<\/p>\n","protected":false},"excerpt":{"rendered":"<p>A C\u00e2mara Municipal de Jo\u00e3o Pessoa (CMJP) debateu, dentre outros assuntos, a seguran\u00e7a no tr\u00e2nsito e a assist\u00eancia de sa\u00fade na Capital, durante a sess\u00e3o ordin\u00e1ria. Dado o n\u00famero crescente de acidentes de tr\u00e2nsito na Capital e as consequ\u00eancias deles, n\u00e3o apenas na vida do pessoense, como tamb\u00e9m no custo para a na\u00e7\u00e3o com leitos &hellip;<\/p>\n","protected":false},"author":1,"featured_media":106857,"comment_status":"open","ping_status":"open","sticky":false,"template":"","format":"standard","meta":{"footnotes":""},"categories":[15],"tags":[],"class_list":["post-122832","post","type-post","status-publish","format-standard","has-post-thumbnail","hentry","category-links"],"_links":{"self":[{"href":"https:\/\/iparaiba.com.br\/index.php\/wp-json\/wp\/v2\/posts\/122832","targetHints":{"allow":["GET"]}}],"collection":[{"href":"https:\/\/iparaiba.com.br\/index.php\/wp-json\/wp\/v2\/posts"}],"about":[{"href":"https:\/\/iparaiba.com.br\/index.php\/wp-json\/wp\/v2\/types\/post"}],"author":[{"embeddable":true,"href":"https:\/\/iparaiba.com.br\/index.php\/wp-json\/wp\/v2\/users\/1"}],"replies":[{"embeddable":true,"href":"https:\/\/iparaiba.com.br\/index.php\/wp-json\/wp\/v2\/comments?post=122832"}],"version-history":[{"count":0,"href":"https:\/\/iparaiba.com.br\/index.php\/wp-json\/wp\/v2\/posts\/122832\/revisions"}],"wp:featuredmedia":[{"embeddable":true,"href":"https:\/\/iparaiba.com.br\/index.php\/wp-json\/wp\/v2\/media\/106857"}],"wp:attachment":[{"href":"https:\/\/iparaiba.com.br\/index.php\/wp-json\/wp\/v2\/media?parent=122832"}],"wp:term":[{"taxonomy":"category","embeddable":true,"href":"https:\/\/iparaiba.com.br\/index.php\/wp-json\/wp\/v2\/categories?post=122832"},{"taxonomy":"post_tag","embeddable":true,"href":"https:\/\/iparaiba.com.br\/index.php\/wp-json\/wp\/v2\/tags?post=122832"}],"curies":[{"name":"wp","href":"https:\/\/api.w.org\/{rel}","templated":true}]}}