{"id":122831,"date":"2024-09-08T11:27:42","date_gmt":"2024-09-08T14:27:42","guid":{"rendered":"https:\/\/onordeste.com.br\/?p=122792"},"modified":"2024-09-08T11:27:42","modified_gmt":"2024-09-08T14:27:42","slug":"alpb-aprova-projeto-que-cria-a-politica-estadual-de-prevencao-ao-abandono-e-evasao-escolar","status":"publish","type":"post","link":"https:\/\/iparaiba.com.br\/index.php\/2024\/09\/08\/alpb-aprova-projeto-que-cria-a-politica-estadual-de-prevencao-ao-abandono-e-evasao-escolar\/","title":{"rendered":"ALPB aprova projeto que cria a pol\u00edtica estadual de preven\u00e7\u00e3o ao abandono e evas\u00e3o escolar"},"content":{"rendered":"<p>A Assembleia Legislativa da Para\u00edba (ALPB) aprovou, por unanimidade, o Projeto de Lei 1.694\/2024, de autoria do presidente da Casa, deputado Adriano Galdino, que Institui a Pol\u00edtica Estadual de Preven\u00e7\u00e3o ao Abandono e Evas\u00e3o Escolar.<\/p>\n<p>A nova legisla\u00e7\u00e3o visa formular e implementar pol\u00edticas p\u00fablicas voltadas para a redu\u00e7\u00e3o do abandono e evas\u00e3o escolar, de acordo como determina a Lei de Diretrizes e Bases da Educa\u00e7\u00e3o Nacional (LDB). O PL determina a promo\u00e7\u00e3o de programas que desenvolvam compet\u00eancias socioemocionais e cognitivas dos alunos, a aproxima\u00e7\u00e3o da fam\u00edlia do ambiente escolar e a inclus\u00e3o de disciplinas de Projeto de Vida. Tamb\u00e9m prev\u00ea a cria\u00e7\u00e3o do Cadastro de Perman\u00eancia de Aluno, para monitoramento dos casos de abandono e evas\u00e3o escolar, possibilitando o ajuste cont\u00ednuo das estrat\u00e9gias adotadas.<\/p>\n<p>Para o deputado Adriano Galdino, \u201co reconhecimento da educa\u00e7\u00e3o como um motor de crescimento econ\u00f4mico, redu\u00e7\u00e3o das desigualdades e diminui\u00e7\u00e3o da viol\u00eancia \u00e9 um princ\u00edpio fundamental desta pol\u00edtica\u201d. Ainda de acordo com o PL, a pol\u00edtica p\u00fablica dever\u00e1 ser coordenada pela Secretaria de Educa\u00e7\u00e3o do Estado e contar\u00e1 com a participa\u00e7\u00e3o de outras secretarias e \u00f3rg\u00e3os estaduais, al\u00e9m de parcerias com entidades n\u00e3o governamentais e da sociedade civil.<\/p>\n","protected":false},"excerpt":{"rendered":"<p>A Assembleia Legislativa da Para\u00edba (ALPB) aprovou, por unanimidade, o Projeto de Lei 1.694\/2024, de autoria do presidente da Casa, deputado Adriano Galdino, que Institui a Pol\u00edtica Estadual de Preven\u00e7\u00e3o ao Abandono e Evas\u00e3o Escolar. A nova legisla\u00e7\u00e3o visa formular e implementar pol\u00edticas p\u00fablicas voltadas para a redu\u00e7\u00e3o do abandono e evas\u00e3o escolar, de acordo &hellip;<\/p>\n","protected":false},"author":1,"featured_media":98423,"comment_status":"open","ping_status":"open","sticky":false,"template":"","format":"standard","meta":{"footnotes":""},"categories":[11],"tags":[],"class_list":["post-122831","post","type-post","status-publish","format-standard","has-post-thumbnail","hentry","category-educacao"],"_links":{"self":[{"href":"https:\/\/iparaiba.com.br\/index.php\/wp-json\/wp\/v2\/posts\/122831","targetHints":{"allow":["GET"]}}],"collection":[{"href":"https:\/\/iparaiba.com.br\/index.php\/wp-json\/wp\/v2\/posts"}],"about":[{"href":"https:\/\/iparaiba.com.br\/index.php\/wp-json\/wp\/v2\/types\/post"}],"author":[{"embeddable":true,"href":"https:\/\/iparaiba.com.br\/index.php\/wp-json\/wp\/v2\/users\/1"}],"replies":[{"embeddable":true,"href":"https:\/\/iparaiba.com.br\/index.php\/wp-json\/wp\/v2\/comments?post=122831"}],"version-history":[{"count":0,"href":"https:\/\/iparaiba.com.br\/index.php\/wp-json\/wp\/v2\/posts\/122831\/revisions"}],"wp:featuredmedia":[{"embeddable":true,"href":"https:\/\/iparaiba.com.br\/index.php\/wp-json\/wp\/v2\/media\/98423"}],"wp:attachment":[{"href":"https:\/\/iparaiba.com.br\/index.php\/wp-json\/wp\/v2\/media?parent=122831"}],"wp:term":[{"taxonomy":"category","embeddable":true,"href":"https:\/\/iparaiba.com.br\/index.php\/wp-json\/wp\/v2\/categories?post=122831"},{"taxonomy":"post_tag","embeddable":true,"href":"https:\/\/iparaiba.com.br\/index.php\/wp-json\/wp\/v2\/tags?post=122831"}],"curies":[{"name":"wp","href":"https:\/\/api.w.org\/{rel}","templated":true}]}}