{"id":122828,"date":"2024-09-08T11:24:48","date_gmt":"2024-09-08T14:24:48","guid":{"rendered":"https:\/\/onordeste.com.br\/?p=122786"},"modified":"2024-09-08T11:24:48","modified_gmt":"2024-09-08T14:24:48","slug":"centro-historico-e-seguranca-publica-sao-debatidos-na-cmjp","status":"publish","type":"post","link":"https:\/\/iparaiba.com.br\/index.php\/2024\/09\/08\/centro-historico-e-seguranca-publica-sao-debatidos-na-cmjp\/","title":{"rendered":"Centro Hist\u00f3rico e Seguran\u00e7a P\u00fablica s\u00e3o debatidos na CMJP"},"content":{"rendered":"<div>O Centro Hist\u00f3rico da Capital paraibana foi um dos temas debatidos entre os parlamentares da C\u00e2mara Municipal de Jo\u00e3o Pessoa (CMJP), durante a sess\u00e3o ordin\u00e1ria.<\/div>\n<div><\/div>\n<div>A necessidade de intensifica\u00e7\u00e3o na seguran\u00e7a p\u00fablica, assim como o incentivo ao com\u00e9rcio e habita\u00e7\u00e3o na regi\u00e3o, assim como melhorias na infraestrutura do Centro Hist\u00f3rico, a exemplo da instala\u00e7\u00e3o de banheiros p\u00fablicos, foram t\u00f3picos abordados para promover o desenvolvimento da regi\u00e3o e do turismo da cidade.<\/div>\n<div><\/div>\n<div>Foi sugerido ainda que haja uma parceria p\u00fablico-privada para a administra\u00e7\u00e3o do Pavilh\u00e3o do Ch\u00e1, em que uma empresa possa gerir um com\u00e9rcio no local, a exemplo de um restaurante, e movimentar tanto a economia, quanto a regi\u00e3o, al\u00e9m de preservar o patrim\u00f4nio hist\u00f3rico.<\/div>\n<div><\/div>\n<div>O constante relato de assaltos e furtos em diversos bairros da Capital tamb\u00e9m foi citado. Com isso, foi solicitado ao Governo do Estado intensifica\u00e7\u00e3o das rondas policiais, no sentido de aumentar a sensa\u00e7\u00e3o de seguran\u00e7a nas ruas. A import\u00e2ncia de substituir toda a ilumina\u00e7\u00e3o p\u00fablica da cidade pela de LED para auxiliar na seguran\u00e7a p\u00fablica tamb\u00e9m foi mencionada.<\/div>\n<div><\/div>\n<div>A melhoria da infraestrutura do bairro Valentina de Figueiredo, com o constante recapeamento asf\u00e1ltico das ruas, foi ressaltada. A cobran\u00e7a de energia pela m\u00e9dia ou por estimativa de consumo tamb\u00e9m foi criticada durante a sess\u00e3o.<\/div>\n<div><\/div>\n<div>Durante a sess\u00e3o, ainda houve a reivindica\u00e7\u00e3o de se debater a viol\u00eancia na cidade no tocante \u00e0 impossibilidade dos vereadores acessarem as comunidades para conversarem com os moradores. Os parlamentares alegam que n\u00e3o est\u00e3o conseguindo exercer esse direito devido \u00e0 imposi\u00e7\u00e3o do crime organizado.<\/div>\n","protected":false},"excerpt":{"rendered":"<p>O Centro Hist\u00f3rico da Capital paraibana foi um dos temas debatidos entre os parlamentares da C\u00e2mara Municipal de Jo\u00e3o Pessoa (CMJP), durante a sess\u00e3o ordin\u00e1ria. A necessidade de intensifica\u00e7\u00e3o na seguran\u00e7a p\u00fablica, assim como o incentivo ao com\u00e9rcio e habita\u00e7\u00e3o na regi\u00e3o, assim como melhorias na infraestrutura do Centro Hist\u00f3rico, a exemplo da instala\u00e7\u00e3o de &hellip;<\/p>\n","protected":false},"author":1,"featured_media":110487,"comment_status":"open","ping_status":"open","sticky":false,"template":"","format":"standard","meta":{"footnotes":""},"categories":[15],"tags":[],"class_list":["post-122828","post","type-post","status-publish","format-standard","has-post-thumbnail","hentry","category-links"],"_links":{"self":[{"href":"https:\/\/iparaiba.com.br\/index.php\/wp-json\/wp\/v2\/posts\/122828","targetHints":{"allow":["GET"]}}],"collection":[{"href":"https:\/\/iparaiba.com.br\/index.php\/wp-json\/wp\/v2\/posts"}],"about":[{"href":"https:\/\/iparaiba.com.br\/index.php\/wp-json\/wp\/v2\/types\/post"}],"author":[{"embeddable":true,"href":"https:\/\/iparaiba.com.br\/index.php\/wp-json\/wp\/v2\/users\/1"}],"replies":[{"embeddable":true,"href":"https:\/\/iparaiba.com.br\/index.php\/wp-json\/wp\/v2\/comments?post=122828"}],"version-history":[{"count":0,"href":"https:\/\/iparaiba.com.br\/index.php\/wp-json\/wp\/v2\/posts\/122828\/revisions"}],"wp:featuredmedia":[{"embeddable":true,"href":"https:\/\/iparaiba.com.br\/index.php\/wp-json\/wp\/v2\/media\/110487"}],"wp:attachment":[{"href":"https:\/\/iparaiba.com.br\/index.php\/wp-json\/wp\/v2\/media?parent=122828"}],"wp:term":[{"taxonomy":"category","embeddable":true,"href":"https:\/\/iparaiba.com.br\/index.php\/wp-json\/wp\/v2\/categories?post=122828"},{"taxonomy":"post_tag","embeddable":true,"href":"https:\/\/iparaiba.com.br\/index.php\/wp-json\/wp\/v2\/tags?post=122828"}],"curies":[{"name":"wp","href":"https:\/\/api.w.org\/{rel}","templated":true}]}}