{"id":122819,"date":"2024-09-09T17:49:25","date_gmt":"2024-09-09T20:49:25","guid":{"rendered":"https:\/\/onordeste.com.br\/?p=122817"},"modified":"2024-09-09T17:49:25","modified_gmt":"2024-09-09T20:49:25","slug":"stf-mantem-regras-que-destinam-30-dos-fundos-eleitorais-para-candidaturas-de-pessoas-pretas-e-pardas","status":"publish","type":"post","link":"https:\/\/iparaiba.com.br\/index.php\/2024\/09\/09\/stf-mantem-regras-que-destinam-30-dos-fundos-eleitorais-para-candidaturas-de-pessoas-pretas-e-pardas\/","title":{"rendered":"STF mant\u00e9m regras que destinam 30% dos fundos eleitorais para candidaturas de pessoas pretas e pardas"},"content":{"rendered":"<p>O ministro Cristiano Zanin, do Supremo Tribunal Federal (STF), manteve a validade da destina\u00e7\u00e3o de 30% dos recursos do Fundo Especial de Financiamento de Campanhas e do Fundo Partid\u00e1rio para candidaturas de pessoas pretas e pardas. O ministro indeferiu pedido da Procuradoria-Geral da Rep\u00fablica (PGR) para suspender a regra.<\/p>\n<p>A destina\u00e7\u00e3o foi introduzida este ano pela Emenda Constitucional (EC) 133\/2024. Na A\u00e7\u00e3o Direta de Inconstitucionalidade<strong>\u00a0<a href=\"https:\/\/portal.stf.jus.br\/processos\/detalhe.asp?incidente=7016739\" target=\"_blank\" rel=\"noreferrer noopener\" data-type=\"URL\" data-id=\"https:\/\/portal.stf.jus.br\/processos\/detalhe.asp?incidente=7016739\">(ADI) 7707<\/a><\/strong>, a PGR alega, entre outros pontos, que, antes da EC 133, normas do Tribunal Superior Eleitoral (TSE) destinavam o quantitativo m\u00ednimo de 30% dessas verbas para pessoas pretas e pardas, ou seja, o percentual n\u00e3o era um teto para aplica\u00e7\u00e3o dos recursos. Por isso, defende que ele n\u00e3o seja interpretado como um limite, mas um marco obrigat\u00f3rio m\u00ednimo.<\/p>\n<h5 class=\"wp-block-heading\"><strong>A\u00e7\u00e3o afirmativa<\/strong><\/h5>\n<p>Ao indeferir a liminar, Zanin considerou equivocada a premissa da PGR sobre o quantitativo m\u00ednimo, pois n\u00e3o h\u00e1 essa previs\u00e3o na Resolu\u00e7\u00e3o TSE 23.605\/2019, com a reda\u00e7\u00e3o dada pela Resolu\u00e7\u00e3o TSE 23.664\/2021. \u201cApesar de exigir proporcionalidade na destina\u00e7\u00e3o dos recursos para essas candidaturas, n\u00e3o havia previs\u00e3o normativa de percentual fixo, ao contr\u00e1rio das candidaturas femininas\u201d, explicou.<\/p>\n<p>O ministro lembrou ainda que a EC 133 \u00e9 produto de di\u00e1logo institucional entre os Poderes Legislativo e Judici\u00e1rio e contou com apoio de parlamentares de partidos de diversos espectros pol\u00edticos. \u201cTrata-se, na verdade, da primeira a\u00e7\u00e3o afirmativa nessa mat\u00e9ria realizada no plano legislativo, implementada pelo Congresso Nacional\u201d, afirmou.<\/p>\n<p>Por fim, o ministro Zanin afastou a alega\u00e7\u00e3o da PGR de viola\u00e7\u00e3o ao princ\u00edpio da anterioridade eleitoral. Esse princ\u00edpio prev\u00ea que as normas que alterem o processo eleitoral somente podem ser aplicadas a elei\u00e7\u00f5es que ocorram ap\u00f3s um ano da data de sua vig\u00eancia. Para o relator, a norma deve ser aplicada imediatamente, pois aperfei\u00e7oou as regras de financiamento eleitoral em favor de grupos historicamente subrepresentados, sem romper com o sistema anterior.<\/p>\n<p>Leia a\u00a0<strong><a href=\"https:\/\/noticias-stf-wp-prd.s3.sa-east-1.amazonaws.com\/wp-content\/uploads\/wpallimport\/uploads\/2024\/09\/06171039\/adi7707-mc.pdf\" data-type=\"URL\" data-id=\"https:\/\/noticias-stf-wp-prd.s3.sa-east-1.amazonaws.com\/wp-content\/uploads\/wpallimport\/uploads\/2024\/09\/06171039\/adi7707-mc.pdf\">\u00edntegra da decis\u00e3o<\/a><\/strong>.<\/p>\n<p>(Pedro Rocha\/AD\/\/CF)<\/p>\n","protected":false},"excerpt":{"rendered":"<p>O ministro Cristiano Zanin, do Supremo Tribunal Federal (STF), manteve a validade da destina\u00e7\u00e3o de 30% dos recursos do Fundo Especial de Financiamento de Campanhas e do Fundo Partid\u00e1rio para candidaturas de pessoas pretas e pardas. O ministro indeferiu pedido da Procuradoria-Geral da Rep\u00fablica (PGR) para suspender a regra. A destina\u00e7\u00e3o foi introduzida este ano &hellip;<\/p>\n","protected":false},"author":1,"featured_media":98236,"comment_status":"open","ping_status":"open","sticky":false,"template":"","format":"standard","meta":{"footnotes":""},"categories":[9],"tags":[],"class_list":["post-122819","post","type-post","status-publish","format-standard","has-post-thumbnail","hentry","category-justica"],"_links":{"self":[{"href":"https:\/\/iparaiba.com.br\/index.php\/wp-json\/wp\/v2\/posts\/122819","targetHints":{"allow":["GET"]}}],"collection":[{"href":"https:\/\/iparaiba.com.br\/index.php\/wp-json\/wp\/v2\/posts"}],"about":[{"href":"https:\/\/iparaiba.com.br\/index.php\/wp-json\/wp\/v2\/types\/post"}],"author":[{"embeddable":true,"href":"https:\/\/iparaiba.com.br\/index.php\/wp-json\/wp\/v2\/users\/1"}],"replies":[{"embeddable":true,"href":"https:\/\/iparaiba.com.br\/index.php\/wp-json\/wp\/v2\/comments?post=122819"}],"version-history":[{"count":1,"href":"https:\/\/iparaiba.com.br\/index.php\/wp-json\/wp\/v2\/posts\/122819\/revisions"}],"predecessor-version":[{"id":122843,"href":"https:\/\/iparaiba.com.br\/index.php\/wp-json\/wp\/v2\/posts\/122819\/revisions\/122843"}],"wp:featuredmedia":[{"embeddable":true,"href":"https:\/\/iparaiba.com.br\/index.php\/wp-json\/wp\/v2\/media\/98236"}],"wp:attachment":[{"href":"https:\/\/iparaiba.com.br\/index.php\/wp-json\/wp\/v2\/media?parent=122819"}],"wp:term":[{"taxonomy":"category","embeddable":true,"href":"https:\/\/iparaiba.com.br\/index.php\/wp-json\/wp\/v2\/categories?post=122819"},{"taxonomy":"post_tag","embeddable":true,"href":"https:\/\/iparaiba.com.br\/index.php\/wp-json\/wp\/v2\/tags?post=122819"}],"curies":[{"name":"wp","href":"https:\/\/api.w.org\/{rel}","templated":true}]}}