{"id":122818,"date":"2024-09-09T15:00:42","date_gmt":"2024-09-09T18:00:42","guid":{"rendered":"https:\/\/onordeste.com.br\/?p=122815"},"modified":"2024-09-09T15:00:42","modified_gmt":"2024-09-09T18:00:42","slug":"eleicoes-2024-e-possivel-votar-sem-o-titulo-de-eleitor","status":"publish","type":"post","link":"https:\/\/iparaiba.com.br\/index.php\/2024\/09\/09\/eleicoes-2024-e-possivel-votar-sem-o-titulo-de-eleitor\/","title":{"rendered":"Elei\u00e7\u00f5es 2024: \u00e9 poss\u00edvel votar sem o t\u00edtulo de eleitor?"},"content":{"rendered":"<p>No dia 6 de outubro deste ano, ocorre o primeiro turno das Elei\u00e7\u00f5es Municipais 2024. Candidatas e candidatos concorrem aos cargos de prefeito, vice-prefeito e vereador em mais de 5,5 mil munic\u00edpios espalhados pelo pa\u00eds.<\/p>\n<p>Para votar, s\u00e3o diversos os documentos aceitos na se\u00e7\u00e3o eleitoral. Confira:<\/p>\n<p><img loading=\"lazy\" decoding=\"async\" class=\"image-richtext image-inline\" title=\"O que \u00e9 preciso para votar - 10.06.2024\" src=\"https:\/\/www.tse.jus.br\/imagens\/imagens\/o-que-e-preciso-para-votar-10-06-1.2024\/@@images\/65e2a6d4-aee2-4499-ac7f-e7b01b428654.jpeg\" alt=\"O que \u00e9 preciso para votar - 10.06.2024\" width=\"663\" height=\"580\" \/><\/p>\n<h3 id=\"titulo-0\">Posso me identificar com o e-T\u00edtulo?<\/h3>\n<p>Sim. \u00c9 poss\u00edvel votar ap\u00f3s se identificar por meio do\u00a0<a href=\"https:\/\/www.justicaeleitoral.jus.br\/titulo-eleitoral\/#videos-titulo\">e-T\u00edtulo<\/a>,\u00a0o aplicativo m\u00f3vel da Justi\u00e7a Eleitoral.\u00a0O\u00a0<em>app<\/em>\u00a0funciona como uma vers\u00e3o digital do t\u00edtulo de eleitor.<\/p>\n<p>Por\u00e9m, para que a pessoa possa se identificar pelo aplicativo, o perfil no e-T\u00edtulo precisa vir com foto, o que s\u00f3 ocorre se a pessoa tiver feito, previamente, o cadastramento biom\u00e9trico na Justi\u00e7a Eleitoral. Caso a fotografia n\u00e3o apare\u00e7a na vers\u00e3o digital, ser\u00e1 necess\u00e1rio levar tamb\u00e9m um documento oficial com foto na hora de votar.<\/p>\n<h3 id=\"titulo-1\">Import\u00e2ncia do t\u00edtulo<\/h3>\n<p>Apesar de n\u00e3o ser obrigat\u00f3rio, o t\u00edtulo de eleitor cont\u00e9m diversas informa\u00e7\u00f5es que auxiliam o eleitor a se dirigir ao local de vota\u00e7\u00e3o correto. Nele, encontramos a zona e a se\u00e7\u00e3o eleitoral do voto.<\/p>\n<h3 id=\"titulo-2\">Como saber o local de vota\u00e7\u00e3o sem o t\u00edtulo?<\/h3>\n<p>O local de vota\u00e7\u00e3o pode ser obtido mediante o n\u00famero do t\u00edtulo, por meio de\u00a0<a href=\"https:\/\/www.tse.jus.br\/eleitor\/autoatendimento-do-eleitor\/#\/\">consulta ao local de vota\u00e7\u00e3o no Portal do TSE<\/a>\u00a0ou, ainda, pelo\u00a0<a href=\"https:\/\/www.justicaeleitoral.jus.br\/titulo-eleitoral\/#videos-titulo\">e-T\u00edtulo<\/a>.<\/p>\n<h3 id=\"titulo-3\">\u00c9 poss\u00edvel votar mesmo sem o cadastro biom\u00e9trico?<\/h3>\n<p>Sim. A pessoa sem cadastro biom\u00e9trico poder\u00e1 votar. Basta levar um documento oficial com foto. Entretanto, se houve convoca\u00e7\u00e3o para revis\u00e3o de eleitorado com o objetivo de coletar a biometria e a eleitora ou o eleitor n\u00e3o compareceu ao cart\u00f3rio, poder\u00e1 estar com o t\u00edtulo cancelado e, por essa raz\u00e3o, n\u00e3o poder\u00e1 votar.<\/p>\n<p>Para saber se seu t\u00edtulo de eleitor est\u00e1 cancelado ou se voc\u00ea j\u00e1 tem a biometria cadastrada, acesse a p\u00e1gina do TSE, clique na aba \u201cServi\u00e7os\u201d e fa\u00e7a a consulta em \u201cSitua\u00e7\u00e3o eleitoral\u201d. Se voc\u00ea j\u00e1 tiver o aplicativo\u00a0<a href=\"https:\/\/www.tse.jus.br\/servicos-eleitorais\/servicos\/aplicativo-e-titulo\">e-T\u00edtulo<\/a>, tamb\u00e9m pode verificar essas informa\u00e7\u00f5es por l\u00e1.\u00a0<a href=\"https:\/\/www.tse.jus.br\/comunicacao\/noticias\/2024\/Marco\/estou-em-dia-com-a-justica-eleitoral-veja-como-consultar-a-sua-situacao\">Saiba aqui como regularizar o t\u00edtulo<\/a>.<\/p>\n<h3 id=\"titulo-4\">Elei\u00e7\u00f5es 2024<\/h3>\n<p>O primeiro turno do pleito ser\u00e1 no dia 6 de outubro. J\u00e1 o segundo turno \u2013 que pode ocorrer nas cidades com mais de 200 mil eleitores para elei\u00e7\u00f5es majorit\u00e1rias (prefeito) \u2013 est\u00e1 marcado para o dia 27 de outubro. O hor\u00e1rio de vota\u00e7\u00e3o nos dois turnos \u00e9 das 8h \u00e0s 17h (hor\u00e1rio de Bras\u00edlia).<\/p>\n<p>Neste ano, ser\u00e3o realizadas elei\u00e7\u00f5es municipais em 5.569 cidades do Brasil. Mais de 156 milh\u00f5es de eleitoras e eleitores v\u00e3o \u00e0s urnas escolher representantes aos cargos de prefeito, vice-prefeito e vereador.<\/p>\n<h3 id=\"titulo-5\">Cadastro eleitoral fechado<\/h3>\n<p>No dia 9 de maio \u2013 150 dias antes da elei\u00e7\u00e3o \u2013, foi fechado o cadastro eleitoral. Esse foi o prazo para que eleitoras e eleitores tirassem o t\u00edtulo de eleitor e regularizassem pend\u00eancias que pudessem impedir o direito de voto.<\/p>\n<p>Para poder exercer direitos que exijam a apresenta\u00e7\u00e3o da quita\u00e7\u00e3o eleitoral, basta emitir a\u00a0<a href=\"https:\/\/www.tse.jus.br\/comunicacao\/noticias\/2024\/Maio\/certidao-circunstanciada-permite-o-exercicio-de-direitos-por-quem-tem-pendencias-eleitorais\">certid\u00e3o circunstanciada<\/a>. Posteriormente, a partir do dia 5 de novembro, ser\u00e1 poss\u00edvel requerer o alistamento eleitoral e regularizar pend\u00eancias.<\/p>\n","protected":false},"excerpt":{"rendered":"<p>No dia 6 de outubro deste ano, ocorre o primeiro turno das Elei\u00e7\u00f5es Municipais 2024. Candidatas e candidatos concorrem aos cargos de prefeito, vice-prefeito e vereador em mais de 5,5 mil munic\u00edpios espalhados pelo pa\u00eds. Para votar, s\u00e3o diversos os documentos aceitos na se\u00e7\u00e3o eleitoral. Confira: Posso me identificar com o e-T\u00edtulo? Sim. \u00c9 poss\u00edvel &hellip;<\/p>\n","protected":false},"author":1,"featured_media":100052,"comment_status":"open","ping_status":"open","sticky":false,"template":"","format":"standard","meta":{"footnotes":""},"categories":[18],"tags":[],"class_list":["post-122818","post","type-post","status-publish","format-standard","has-post-thumbnail","hentry","category-brasil"],"_links":{"self":[{"href":"https:\/\/iparaiba.com.br\/index.php\/wp-json\/wp\/v2\/posts\/122818","targetHints":{"allow":["GET"]}}],"collection":[{"href":"https:\/\/iparaiba.com.br\/index.php\/wp-json\/wp\/v2\/posts"}],"about":[{"href":"https:\/\/iparaiba.com.br\/index.php\/wp-json\/wp\/v2\/types\/post"}],"author":[{"embeddable":true,"href":"https:\/\/iparaiba.com.br\/index.php\/wp-json\/wp\/v2\/users\/1"}],"replies":[{"embeddable":true,"href":"https:\/\/iparaiba.com.br\/index.php\/wp-json\/wp\/v2\/comments?post=122818"}],"version-history":[{"count":1,"href":"https:\/\/iparaiba.com.br\/index.php\/wp-json\/wp\/v2\/posts\/122818\/revisions"}],"predecessor-version":[{"id":122842,"href":"https:\/\/iparaiba.com.br\/index.php\/wp-json\/wp\/v2\/posts\/122818\/revisions\/122842"}],"wp:featuredmedia":[{"embeddable":true,"href":"https:\/\/iparaiba.com.br\/index.php\/wp-json\/wp\/v2\/media\/100052"}],"wp:attachment":[{"href":"https:\/\/iparaiba.com.br\/index.php\/wp-json\/wp\/v2\/media?parent=122818"}],"wp:term":[{"taxonomy":"category","embeddable":true,"href":"https:\/\/iparaiba.com.br\/index.php\/wp-json\/wp\/v2\/categories?post=122818"},{"taxonomy":"post_tag","embeddable":true,"href":"https:\/\/iparaiba.com.br\/index.php\/wp-json\/wp\/v2\/tags?post=122818"}],"curies":[{"name":"wp","href":"https:\/\/api.w.org\/{rel}","templated":true}]}}