{"id":122815,"date":"2024-09-09T08:00:18","date_gmt":"2024-09-09T11:00:18","guid":{"rendered":"https:\/\/onordeste.com.br\/?p=122809"},"modified":"2024-09-09T08:00:18","modified_gmt":"2024-09-09T11:00:18","slug":"pf-deflagra-operacao-para-combater-trafico-internacional-e-comercio-ilegal-de-aves-silvestres","status":"publish","type":"post","link":"https:\/\/iparaiba.com.br\/index.php\/2024\/09\/09\/pf-deflagra-operacao-para-combater-trafico-internacional-e-comercio-ilegal-de-aves-silvestres\/","title":{"rendered":"PF deflagra opera\u00e7\u00e3o para combater tr\u00e1fico internacional e com\u00e9rcio ilegal de aves silvestres"},"content":{"rendered":"<p><strong>Fortaleza\/CE.<\/strong> A Pol\u00edcia Federal deflagrou a Opera\u00e7\u00e3o Arac\u00ea, com o objetivo de reprimir o tr\u00e1fico internacional e o com\u00e9rcio ilegal de aves silvestres. A a\u00e7\u00e3o mobilizou 150 policiais federais para cumprir 36 mandados de busca e apreens\u00e3o em quatro estados: Cear\u00e1, S\u00e3o Paulo, Minas Gerais e Paran\u00e1. A opera\u00e7\u00e3o conta com o apoio do Instituto Brasileiro do Meio Ambiente e dos Recursos Naturais Renov\u00e1veis (IBAMA), e os mandados foram expedidos pela Justi\u00e7a Federal no Cear\u00e1.<\/p>\n<p>As investiga\u00e7\u00f5es tiveram in\u00edcio ap\u00f3s a an\u00e1lise de dados telef\u00f4nicos e telem\u00e1ticos do aparelho celular de um investigado cearense, preso em flagrante em 2023 por envolvimento no com\u00e9rcio ilegal de animais silvestres. Durante os trabalhos, foram identificadas diversas conversas relacionadas \u00e0 venda il\u00edcita de aves, inclusive em grupos de mensagens dedicados ao tr\u00e1fico internacional, transporte e armazenamento de p\u00e1ssaros.<\/p>\n<p>Al\u00e9m de reunir provas para a conclus\u00e3o do inqu\u00e9rito policial, a a\u00e7\u00e3o de hoje busca interromper os crimes ambientais em andamento, protegendo a fauna brasileira da explora\u00e7\u00e3o predat\u00f3ria. A repress\u00e3o ao com\u00e9rcio ilegal de animais \u00e9 fundamental para preservar a biodiversidade e evitar o impacto devastador que o tr\u00e1fico de esp\u00e9cies pode causar aos ecossistemas.<\/p>\n<p>Os crimes investigados incluem maus tratos, tr\u00e1fico internacional e interestadual de animais silvestres, associa\u00e7\u00e3o criminosa e recepta\u00e7\u00e3o, al\u00e9m de outros previstos na Lei de Crimes Ambientais e a lavagem de dinheiro.<\/p>\n<p><em>Comunica\u00e7\u00e3o Social da Pol\u00edcia Federal no Cear\u00e1<\/em><\/p>\n","protected":false},"excerpt":{"rendered":"<p>Fortaleza\/CE. A Pol\u00edcia Federal deflagrou a Opera\u00e7\u00e3o Arac\u00ea, com o objetivo de reprimir o tr\u00e1fico internacional e o com\u00e9rcio ilegal de aves silvestres. A a\u00e7\u00e3o mobilizou 150 policiais federais para cumprir 36 mandados de busca e apreens\u00e3o em quatro estados: Cear\u00e1, S\u00e3o Paulo, Minas Gerais e Paran\u00e1. A opera\u00e7\u00e3o conta com o apoio do Instituto &hellip;<\/p>\n","protected":false},"author":1,"featured_media":98631,"comment_status":"open","ping_status":"open","sticky":false,"template":"","format":"standard","meta":{"footnotes":""},"categories":[13],"tags":[],"class_list":["post-122815","post","type-post","status-publish","format-standard","has-post-thumbnail","hentry","category-policial"],"_links":{"self":[{"href":"https:\/\/iparaiba.com.br\/index.php\/wp-json\/wp\/v2\/posts\/122815","targetHints":{"allow":["GET"]}}],"collection":[{"href":"https:\/\/iparaiba.com.br\/index.php\/wp-json\/wp\/v2\/posts"}],"about":[{"href":"https:\/\/iparaiba.com.br\/index.php\/wp-json\/wp\/v2\/types\/post"}],"author":[{"embeddable":true,"href":"https:\/\/iparaiba.com.br\/index.php\/wp-json\/wp\/v2\/users\/1"}],"replies":[{"embeddable":true,"href":"https:\/\/iparaiba.com.br\/index.php\/wp-json\/wp\/v2\/comments?post=122815"}],"version-history":[{"count":1,"href":"https:\/\/iparaiba.com.br\/index.php\/wp-json\/wp\/v2\/posts\/122815\/revisions"}],"predecessor-version":[{"id":122838,"href":"https:\/\/iparaiba.com.br\/index.php\/wp-json\/wp\/v2\/posts\/122815\/revisions\/122838"}],"wp:featuredmedia":[{"embeddable":true,"href":"https:\/\/iparaiba.com.br\/index.php\/wp-json\/wp\/v2\/media\/98631"}],"wp:attachment":[{"href":"https:\/\/iparaiba.com.br\/index.php\/wp-json\/wp\/v2\/media?parent=122815"}],"wp:term":[{"taxonomy":"category","embeddable":true,"href":"https:\/\/iparaiba.com.br\/index.php\/wp-json\/wp\/v2\/categories?post=122815"},{"taxonomy":"post_tag","embeddable":true,"href":"https:\/\/iparaiba.com.br\/index.php\/wp-json\/wp\/v2\/tags?post=122815"}],"curies":[{"name":"wp","href":"https:\/\/api.w.org\/{rel}","templated":true}]}}