{"id":122812,"date":"2024-09-08T19:35:30","date_gmt":"2024-09-08T22:35:30","guid":{"rendered":"https:\/\/onordeste.com.br\/?p=122803"},"modified":"2024-09-08T19:35:30","modified_gmt":"2024-09-08T22:35:30","slug":"policia-militar-foi-destaque-no-desfile-com-mais-de-700-policiais","status":"publish","type":"post","link":"https:\/\/iparaiba.com.br\/index.php\/2024\/09\/08\/policia-militar-foi-destaque-no-desfile-com-mais-de-700-policiais\/","title":{"rendered":"Pol\u00edcia Militar foi destaque no desfile com mais de 700 policiais"},"content":{"rendered":"<p>Com 192 anos de hist\u00f3ria, a mais antiga e tradicional institui\u00e7\u00e3o p\u00fablica da Para\u00edba, a Pol\u00edcia Militar foi destaque no desfile c\u00edvico-militar neste 7 de setembro, durante as comemora\u00e7\u00f5es da Independ\u00eancia do Brasil. Com mais de 700 policiais desfilando na Avenida Duarte da Silveira, a corpora\u00e7\u00e3o uniu as tradi\u00e7\u00f5es hist\u00f3ricas, os pilares da hierarquia e disciplina, alcan\u00e7ando at\u00e9 as novas tecnologias e ferramentas para a seguran\u00e7a p\u00fablica.<\/p>\n<p>Policiais a p\u00e9, viaturas de quatro e duas rodas, bandeiras, armamentos, cavalos e c\u00e3es, aeronaves remotamente pilotadas, crian\u00e7as atendidas pelos programas da corpora\u00e7\u00e3o, e diversas faces da PM foram \u00e0 avenida mostrando a PM dos paraibanos.<\/p>\n<p>Em seu discurso logo ap\u00f3s a incorpora\u00e7\u00e3o da Guarda-Bandeira \u00e0 tropa, o comandante-geral da PM, o coronel S\u00e9rgio Fonseca, destacou que o desfile dos policiais n\u00e3o representa apenas a corpora\u00e7\u00e3o, mas sim todo o esp\u00edrito de bravura e dedica\u00e7\u00e3o que define o povo brasileiro. \u201cCada um de voc\u00eas, homens e mulheres policiais militares, carrega consigo uma hist\u00f3ria de supera\u00e7\u00e3o, de compromisso e de amor \u00e0 P\u00e1tria. Somos mais do que uma tropa; somos uma fam\u00edlia unida pelo juramento de proteger e servir\u201d, disse o comandante (foto acima).<\/p>\n<p>Al\u00e9m da tropa, comandada pelo coronel Tem\u00f3teo (foto abaixo), o discurso do comandante-geral foi acompanhado por oficiais do Alto Comando da institui\u00e7\u00e3o, chefes e diretores.<\/p>\n","protected":false},"excerpt":{"rendered":"<p>Com 192 anos de hist\u00f3ria, a mais antiga e tradicional institui\u00e7\u00e3o p\u00fablica da Para\u00edba, a Pol\u00edcia Militar foi destaque no desfile c\u00edvico-militar neste 7 de setembro, durante as comemora\u00e7\u00f5es da Independ\u00eancia do Brasil. Com mais de 700 policiais desfilando na Avenida Duarte da Silveira, a corpora\u00e7\u00e3o uniu as tradi\u00e7\u00f5es hist\u00f3ricas, os pilares da hierarquia e &hellip;<\/p>\n","protected":false},"author":1,"featured_media":116720,"comment_status":"open","ping_status":"open","sticky":false,"template":"","format":"standard","meta":{"footnotes":""},"categories":[13],"tags":[],"class_list":["post-122812","post","type-post","status-publish","format-standard","has-post-thumbnail","hentry","category-policial"],"_links":{"self":[{"href":"https:\/\/iparaiba.com.br\/index.php\/wp-json\/wp\/v2\/posts\/122812","targetHints":{"allow":["GET"]}}],"collection":[{"href":"https:\/\/iparaiba.com.br\/index.php\/wp-json\/wp\/v2\/posts"}],"about":[{"href":"https:\/\/iparaiba.com.br\/index.php\/wp-json\/wp\/v2\/types\/post"}],"author":[{"embeddable":true,"href":"https:\/\/iparaiba.com.br\/index.php\/wp-json\/wp\/v2\/users\/1"}],"replies":[{"embeddable":true,"href":"https:\/\/iparaiba.com.br\/index.php\/wp-json\/wp\/v2\/comments?post=122812"}],"version-history":[{"count":1,"href":"https:\/\/iparaiba.com.br\/index.php\/wp-json\/wp\/v2\/posts\/122812\/revisions"}],"predecessor-version":[{"id":122836,"href":"https:\/\/iparaiba.com.br\/index.php\/wp-json\/wp\/v2\/posts\/122812\/revisions\/122836"}],"wp:featuredmedia":[{"embeddable":true,"href":"https:\/\/iparaiba.com.br\/index.php\/wp-json\/wp\/v2\/media\/116720"}],"wp:attachment":[{"href":"https:\/\/iparaiba.com.br\/index.php\/wp-json\/wp\/v2\/media?parent=122812"}],"wp:term":[{"taxonomy":"category","embeddable":true,"href":"https:\/\/iparaiba.com.br\/index.php\/wp-json\/wp\/v2\/categories?post=122812"},{"taxonomy":"post_tag","embeddable":true,"href":"https:\/\/iparaiba.com.br\/index.php\/wp-json\/wp\/v2\/tags?post=122812"}],"curies":[{"name":"wp","href":"https:\/\/api.w.org\/{rel}","templated":true}]}}