{"id":122811,"date":"2024-09-08T17:00:56","date_gmt":"2024-09-08T20:00:56","guid":{"rendered":"https:\/\/onordeste.com.br\/?p=122801"},"modified":"2024-09-08T17:00:56","modified_gmt":"2024-09-08T20:00:56","slug":"oab-conquista-aprovacao-de-pl-que-reforca-protecao-a-advogados-no-exercicio-da-profissao","status":"publish","type":"post","link":"https:\/\/iparaiba.com.br\/index.php\/2024\/09\/08\/oab-conquista-aprovacao-de-pl-que-reforca-protecao-a-advogados-no-exercicio-da-profissao\/","title":{"rendered":"OAB conquista aprova\u00e7\u00e3o de PL que refor\u00e7a prote\u00e7\u00e3o a advogados no exerc\u00edcio da profiss\u00e3o"},"content":{"rendered":"<p>Ap\u00f3s intensa atua\u00e7\u00e3o em defesa da seguran\u00e7a do exerc\u00edcio da advocacia, a OAB celebrou a aprova\u00e7\u00e3o do\u00a0<a href=\"https:\/\/www.camara.leg.br\/proposicoesWeb\/fichadetramitacao?idProposicao=2417638\" target=\"_blank\" rel=\"noopener\">Projeto de Lei (PL) 212\/2024<\/a> na Comiss\u00e3o de Constitui\u00e7\u00e3o e Justi\u00e7a e de Cidadania (CCJ) da C\u00e2mara dos Deputados. O texto prop\u00f5e a inclus\u00e3o do homic\u00eddio qualificado contra advogados no C\u00f3digo Penal e estabelece causa especial de aumento de pena para les\u00f5es corporais dolosas cometidas contra advogados no exerc\u00edcio de suas fun\u00e7\u00f5es ou em decorr\u00eancia delas.<\/p>\n<p>O PL foi votado em regime de prioridade dado pela presidente da Comiss\u00e3o, deputada Caroline de Toni (PL-SC). A proposta foi consolidada em um substitutivo apresentado pelo relator, Ricardo Ayres (Republicanos-TO), que, em seu parecer, destacou a necessidade de se recrudescer as san\u00e7\u00f5es penais para crimes cometidos contra advogados, ressaltando que o aumento dos ataques a esses profissionais tem demonstrado a urg\u00eancia de uma legisla\u00e7\u00e3o mais rigorosa. O substitutivo aprovado prev\u00ea que os crimes de homic\u00eddio e les\u00e3o corporal grave ou seguida de morte praticados contra advogados ou seus familiares sejam tratados como crimes hediondos, com penas mais severas.<\/p>\n","protected":false},"excerpt":{"rendered":"<p>Ap\u00f3s intensa atua\u00e7\u00e3o em defesa da seguran\u00e7a do exerc\u00edcio da advocacia, a OAB celebrou a aprova\u00e7\u00e3o do\u00a0Projeto de Lei (PL) 212\/2024 na Comiss\u00e3o de Constitui\u00e7\u00e3o e Justi\u00e7a e de Cidadania (CCJ) da C\u00e2mara dos Deputados. O texto prop\u00f5e a inclus\u00e3o do homic\u00eddio qualificado contra advogados no C\u00f3digo Penal e estabelece causa especial de aumento de &hellip;<\/p>\n","protected":false},"author":1,"featured_media":107911,"comment_status":"open","ping_status":"open","sticky":false,"template":"","format":"standard","meta":{"footnotes":""},"categories":[9],"tags":[],"class_list":["post-122811","post","type-post","status-publish","format-standard","has-post-thumbnail","hentry","category-justica"],"_links":{"self":[{"href":"https:\/\/iparaiba.com.br\/index.php\/wp-json\/wp\/v2\/posts\/122811","targetHints":{"allow":["GET"]}}],"collection":[{"href":"https:\/\/iparaiba.com.br\/index.php\/wp-json\/wp\/v2\/posts"}],"about":[{"href":"https:\/\/iparaiba.com.br\/index.php\/wp-json\/wp\/v2\/types\/post"}],"author":[{"embeddable":true,"href":"https:\/\/iparaiba.com.br\/index.php\/wp-json\/wp\/v2\/users\/1"}],"replies":[{"embeddable":true,"href":"https:\/\/iparaiba.com.br\/index.php\/wp-json\/wp\/v2\/comments?post=122811"}],"version-history":[{"count":1,"href":"https:\/\/iparaiba.com.br\/index.php\/wp-json\/wp\/v2\/posts\/122811\/revisions"}],"predecessor-version":[{"id":122835,"href":"https:\/\/iparaiba.com.br\/index.php\/wp-json\/wp\/v2\/posts\/122811\/revisions\/122835"}],"wp:featuredmedia":[{"embeddable":true,"href":"https:\/\/iparaiba.com.br\/index.php\/wp-json\/wp\/v2\/media\/107911"}],"wp:attachment":[{"href":"https:\/\/iparaiba.com.br\/index.php\/wp-json\/wp\/v2\/media?parent=122811"}],"wp:term":[{"taxonomy":"category","embeddable":true,"href":"https:\/\/iparaiba.com.br\/index.php\/wp-json\/wp\/v2\/categories?post=122811"},{"taxonomy":"post_tag","embeddable":true,"href":"https:\/\/iparaiba.com.br\/index.php\/wp-json\/wp\/v2\/tags?post=122811"}],"curies":[{"name":"wp","href":"https:\/\/api.w.org\/{rel}","templated":true}]}}