{"id":122809,"date":"2024-09-08T13:00:56","date_gmt":"2024-09-08T16:00:56","guid":{"rendered":"https:\/\/onordeste.com.br\/?p=122796"},"modified":"2024-09-08T13:00:56","modified_gmt":"2024-09-08T16:00:56","slug":"medico-denuncia-pressao-no-congresso-para-liberar-cigarro-eletronico","status":"publish","type":"post","link":"https:\/\/iparaiba.com.br\/index.php\/2024\/09\/08\/medico-denuncia-pressao-no-congresso-para-liberar-cigarro-eletronico\/","title":{"rendered":"M\u00e9dico denuncia press\u00e3o no Congresso para liberar cigarro eletr\u00f4nico"},"content":{"rendered":"<p style=\"font-weight: 400;\">Em entrevista ao informativo eletr\u00f4nico Momento Agevisa, o presidente do Comit\u00ea de Tabagismo da Associa\u00e7\u00e3o M\u00e9dica da Para\u00edba, m\u00e9dico pneumologista e alergologista Sebasti\u00e3o de Oliveira Costa, denunciou a press\u00e3o da ind\u00fastria tabagista no Congresso Nacional para libera\u00e7\u00e3o indiscriminada do cigarro eletr\u00f4nico no Brasil. A press\u00e3o, segundo ele, est\u00e1 materializada no Projeto de Decreto Legislativo n\u00b0 263\/2024, de autoria da senadora Soraya Thronicke (Podemos\/MS), que tem por objetivo sustar a efic\u00e1cia da Resolu\u00e7\u00e3o da Diretoria Colegiada n\u00ba 855\/2024, da Anvisa, que pro\u00edbe a fabrica\u00e7\u00e3o, a importa\u00e7\u00e3o, a comercializa\u00e7\u00e3o, a distribui\u00e7\u00e3o, o armazenamento, o transporte e a propaganda de dispositivos eletr\u00f4nicos.<\/p>\n<p style=\"font-weight: 400;\">Com sistema de tramita\u00e7\u00e3o Bicameral, devendo, portanto, ser apreciado e votado pelas duas Casas Legislativas do Congresso (Senado e C\u00e2mara dos Deputados), o projeto mencionado pelo m\u00e9dico Sebasti\u00e3o Costa foi apresentado ao Plen\u00e1rio do Senado no dia 14 de maio de 2024 e encontra-se na Comiss\u00e3o de Assuntos Sociais, onde aguarda designa\u00e7\u00e3o do relator. Posteriormente, seguir\u00e1 para aprecia\u00e7\u00e3o da Comiss\u00e3o de Constitui\u00e7\u00e3o, Justi\u00e7a e Cidadania.<\/p>\n<p style=\"font-weight: 400;\"><strong>Campanha antitabagismo \u2013<\/strong>\u00a0O presidente do Comit\u00ea de Tabagismo da Associa\u00e7\u00e3o M\u00e9dica da Para\u00edba foi convidado pela Ag\u00eancia Estadual de Vigil\u00e2ncia Sanit\u00e1ria para participar da programa\u00e7\u00e3o relacionada ao Dia Nacional de Combate ao Fumo, celebrado em 29 de agosto. A participa\u00e7\u00e3o do m\u00e9dico pneumologista se deu por meio de entrevista ao informativo Momento Agevisa, que vai ao ar no in\u00edcio das manh\u00e3s das quintas-feiras, dentro da programa\u00e7\u00e3o do Jornal Estadual da R\u00e1dio Tabajara, alcan\u00e7ando todo o Estado da Para\u00edba e regi\u00f5es circunvizinhas.<\/p>\n<p style=\"font-weight: 400;\">Conforme o diretor-geral da Agevisa\/PB, Geraldo Moreira de Menezes, o Calend\u00e1rio Brasileiro de Sa\u00fade reserva a data de 29 de agosto \u00e0 intensifica\u00e7\u00e3o das a\u00e7\u00f5es destinadas a alertar e convencer a popula\u00e7\u00e3o fumante e a sociedade em geral para os danos \u00e0 sa\u00fade causados pelas in\u00fameras subst\u00e2ncias qu\u00edmicas presentes na composi\u00e7\u00e3o dos produtos derivados do fumo.<\/p>\n<p style=\"font-weight: 400;\">Em conjunto com a diretora-t\u00e9cnica de Ci\u00eancia e Tecnologia M\u00e9dica e Correlatos, V\u00edvian Miele, e com a Assessoria de Comunica\u00e7\u00e3o da Ag\u00eancia, Geraldo Moreira decidiu oferecer a edi\u00e7\u00e3o de 29 de agosto do Momento Agevisa para o Comit\u00ea de Tabagismo da Associa\u00e7\u00e3o M\u00e9dica da Para\u00edba ampliar as informa\u00e7\u00f5es sobre os perigos e os danos \u00e0 sa\u00fade e ao meio ambiente causados pelo consumo de produtos derivados do\u00a0 fumo, dentre os quais os dispositivos eletr\u00f4nicos para fumar, popularmente denominados de cigarros eletr\u00f4nicos. O \u00e1udio da entrevista est\u00e1 dispon\u00edvel em:\u00a0<a href=\"https:\/\/agevisa.pb.gov.br\/servicos\/audios\/391-edicao-de-29-de-agosto-dia-nacional-de-combate-ao-fumo.mp3\" data-saferedirecturl=\"https:\/\/www.google.com\/url?q=https:\/\/agevisa.pb.gov.br\/servicos\/audios\/391-edicao-de-29-de-agosto-dia-nacional-de-combate-ao-fumo.mp3&amp;source=gmail&amp;ust=1725891841183000&amp;usg=AOvVaw1hU5wPi3nkkNscQA0nniD4\">https:\/\/agevisa.pb.gov.br\/servicos\/audios\/391-edicao-de-29-de-agosto-dia-nacional-de-combate-ao-fumo.mp3<\/a>.<\/p>\n<p style=\"font-weight: 400;\"><strong>Confira a \u00edntegra da entrevista<\/strong><\/p>\n<p style=\"font-weight: 400;\">\u00fc\u00a0<strong>Objetivos da celebra\u00e7\u00e3o do Dia Nacional de Combate ao Fumo.<\/strong><\/p>\n<p style=\"font-weight: 400;\"><strong>\u2013<\/strong>\u00a0O dia 29 de agosto \u00e9 a data mais importante do Calend\u00e1rio do Tabagismo do Brasil. \u00c9 nessa data que a gente tenta, atrav\u00e9s da m\u00eddia, de palestras, fazer com que a sociedade compreenda que a gente precisa combater o consumo da nicotina e suas companheiras nocivas. Todo ano, no Brasil, ainda hoje morrem 160 mil pessoas, mesmo a gente tendo a consci\u00eancia de que, nesses trinta anos, 34% dos adultos brasileiros fumavam, e hoje apenas 9.2% continuam fumando. Isso \u00e9 um sucesso enorme do Programa de Combate ao Tabagismo do Brasil, que \u00e9 reconhecido em todo o mundo. Mas \u00e9 preciso avan\u00e7ar. \u00c9 preciso que, daqui pra frente, a gente comece a trabalhar a conscientiza\u00e7\u00e3o da popula\u00e7\u00e3o mais jovem, que est\u00e1 entrando com muita for\u00e7a, atra\u00edda pelo cigarro eletr\u00f4nico.<\/p>\n<p style=\"font-weight: 400;\">\u00fc\u00a0<strong>Proibi\u00e7\u00f5es estabelecidas em lei<\/strong><strong>.<\/strong><\/p>\n<p style=\"font-weight: 400;\"><strong>\u2013<\/strong>\u00a0A introdu\u00e7\u00e3o dessas normativas, de ambientes livres do tabaco, proibi\u00e7\u00e3o das publicidades, o Programa de Cessa\u00e7\u00e3o do Tabagismo, o aumento do pre\u00e7o dos cigarros, fizeram com que houvesse essa redu\u00e7\u00e3o consistente do consumo de cigarros no Brasil. Mas, na nossa opini\u00e3o, o que promoveu a base disso tudo foi a conscientiza\u00e7\u00e3o da popula\u00e7\u00e3o. O cigarro, que era um produto vinculado \u00e0 eleg\u00e2ncia, ao charme, ao glamour, com o trabalho de conscientiza\u00e7\u00e3o da sociedade, houve um remodelamento nesse pensamento. E, hoje, as pessoas que fumam s\u00e3o colocadas na nossa sociedade como pessoas inferiores. As pessoas que fumam t\u00eam vergonha de dizer que fumam, e isso \u00e9 muito positivo no sentido de que vai continuar essa conscientiza\u00e7\u00e3o trabalhando mais ainda a cabe\u00e7a dos adultos, que v\u00e3o continuar querendo parar de fumar.<\/p>\n<p style=\"font-weight: 400;\">\u00fc\u00a0<strong>Cigarros eletr\u00f4nicos<\/strong><strong>.<\/strong><\/p>\n<p style=\"font-weight: 400;\"><strong>\u2013<\/strong>\u00a0A ind\u00fastria do tabaco, para n\u00e3o perder mais dinheiro ainda, come\u00e7ou a investir no cigarro eletr\u00f4nico. E as mentiras que eles inventaram destinavam-se a fazer com que a sociedade passasse a acreditar que o cigarro eletr\u00f4nico era inofensivo, ou, pelo menos, n\u00e3o faziam mal como o cigarro convencional.<\/p>\n<p style=\"font-weight: 400;\">Mas acontece que as subst\u00e2ncias que provocam o c\u00e2ncer, como as nitrosaminas, por exemplo, que tem no cigarro convencional, tem tamb\u00e9m no cigarro eletr\u00f4nico. As subst\u00e2ncias que provocam infarto e o AVC, como a nicotina, \u00e9 a base do cigarro eletr\u00f4nico. Os cigarros eletr\u00f4nicos mais modernos t\u00eam de cinco a dez vezes mais concentra\u00e7\u00e3o de nicotina do que os cigarros convencionais. Ent\u00e3o, as pessoas que fumam o cigarro eletr\u00f4nico t\u00eam muito mais propens\u00e3o de ter infarto, AVC e press\u00e3o alta do que as pessoas que fumam cigarros convencionais. Outra coisa \u00e9 essa fal\u00e1cia de dizer que o cigarro eletr\u00f4nico ajuda as pessoas a se livrarem do cigarro convencional. \u00c9 exatamente o contr\u00e1rio. As pessoas que fumam o cigarro eletr\u00f4nico t\u00eam tr\u00eas vezes mais chance de se tornarem dependentes do cigarro convencional.<\/p>\n<p style=\"font-weight: 400;\">\u00fc\u00a0<strong>Designes, sabores e aromas dos cigarros eletr\u00f4nicos.<\/strong><\/p>\n<p style=\"font-weight: 400;\"><strong>\u2013<\/strong>\u00a0Aqueles designes bem elegantes, bem atrativos; os diversos sabores que eles colocam no cigarro eletr\u00f4nico t\u00eam o objetivo principal de atrair as pessoas mais jovens. E hoje, no Brasil, 16.8% dos jovens com idade entre 16 e 18 anos, est\u00e3o sendo atra\u00eddos pelo cigarro eletr\u00f4nico. Isso \u00e9 uma coisa muito negativa para o nosso Programa de Combate ao Tabagismo. Porque a gente j\u00e1 estava comemorando a redu\u00e7\u00e3o do consumo do cigarro convencional no Brasil, e de repente chega o cigarro eletr\u00f4nico para complicar toda essa nossa batalha. Mas, neste momento, n\u00f3s estamos tentando conscientizar os formadores de opini\u00e3o das pessoas mais jovens para que elas absorvam a ideia de que o cigarro eletr\u00f4nico faz muito mal e pode complicar, num futuro muito pr\u00f3ximo, a qualidade de vida delas.<\/p>\n<p style=\"font-weight: 400;\">\u00fc\u00a0<strong>Evali: a doen\u00e7a cigarro eletr\u00f4nico.<\/strong><\/p>\n<p style=\"font-weight: 400;\"><strong>\u2013<\/strong>\u00a0O cigarro eletr\u00f4nico, em 2019, fez com que mais de dois mil americanos, com m\u00e9dia de idade de apenas 24 anos, procurassem o Servi\u00e7o de Emerg\u00eancia. Desse total, 68 pessoas n\u00e3o retornaram para o aconchego de suas fam\u00edlias. Ao contr\u00e1rio das doen\u00e7as cr\u00f4nicas provocadas pelos cigarros convencionais, essa doen\u00e7a Evali \u00e9 muito aguda. Em pouco tempo as pessoas come\u00e7am a sentir falta de ar, uma press\u00e3o muito forte no t\u00f3rax, tosse, secre\u00e7\u00e3o, \u00e0s vezes hemoptise, que \u00e9 o sangramento respirat\u00f3rio, \u00e0s vezes diarreia, muita dor abdominal&#8230; S\u00e3o sintomas extremamente novos dentro do tabagismo. E o que \u00e9 que acontece? Essa patologia \u00e9 exclusiva do cigarro eletr\u00f4nico. E essa \u00e9 a nossa grande preocupa\u00e7\u00e3o, neste momento: introduzir na cabe\u00e7a da popula\u00e7\u00e3o jovem do nosso Pa\u00eds que essa doen\u00e7a \u00e9 grav\u00edssima e pode deixar os usu\u00e1rios do cigarro eletr\u00f4nico em situa\u00e7\u00e3o de extrema gravidade. E qual a diferen\u00e7a da gravidade dessa doen\u00e7a com as doen\u00e7as do cigarro convencional? Enquanto \u00e9 preciso 20 a 30 anos de consumo do cigarro convencional para desenvolver o c\u00e2ncer de pulm\u00e3o ou um enfisema pulmonar, no caso da Evali, que \u00e9 uma doen\u00e7a de extrema gravidade, se desenvolve em curt\u00edssimo espa\u00e7o de tempo. As pessoas t\u00eam que ficar muito alertas em rela\u00e7\u00e3o a isso. \u00c9 preciso que pais de adolescentes, que os professores desses alunos tenham consci\u00eancia de que o cigarro eletr\u00f4nico precisa ser combatido em todas as frentes.<\/p>\n<p style=\"font-weight: 400;\">\u00fc\u00a0<strong>Press\u00e3o no Congresso contra a proibi\u00e7\u00e3o do cigarro eletr\u00f4nico.<\/strong><\/p>\n<p style=\"font-weight: 400;\"><strong>\u2013<\/strong>\u00a0As normativas da Anvisa n\u00e3o est\u00e3o sendo devidamente cumpridas. E quais s\u00e3o elas? A proibi\u00e7\u00e3o da fabrica\u00e7\u00e3o, comercializa\u00e7\u00e3o, importa\u00e7\u00e3o e publicidade desses produtos. Mas o mais grave nessa hist\u00f3ria toda \u00e9 que, neste momento, est\u00e1 para ser votado no Senado o Projeto de Lei da senadora Soraya\u00a0Thronicke, do Podemos\/MS, que libera geral o cigarro eletr\u00f4nico no Brasil. O que est\u00e1 acontecendo atualmente \u00e9 uma imensa press\u00e3o do poder econ\u00f4mico da ind\u00fastria do tabaco para que os parlamentares aprovem esta mat\u00e9ria. Mas h\u00e1 um Manifesto de oitenta entidades m\u00e9dicas, cient\u00edficas e sanit\u00e1rias do Brasil recomendando a n\u00e3o aprova\u00e7\u00e3o do projeto e alertando para o fato de que a sua pretendida efic\u00e1cia significa um grave risco \u00e0 sa\u00fade p\u00fablica do nosso Pa\u00eds.<\/p>\n<p>Agevisa<\/p>\n","protected":false},"excerpt":{"rendered":"<p>Em entrevista ao informativo eletr\u00f4nico Momento Agevisa, o presidente do Comit\u00ea de Tabagismo da Associa\u00e7\u00e3o M\u00e9dica da Para\u00edba, m\u00e9dico pneumologista e alergologista Sebasti\u00e3o de Oliveira Costa, denunciou a press\u00e3o da ind\u00fastria tabagista no Congresso Nacional para libera\u00e7\u00e3o indiscriminada do cigarro eletr\u00f4nico no Brasil. A press\u00e3o, segundo ele, est\u00e1 materializada no Projeto de Decreto Legislativo n\u00b0 &hellip;<\/p>\n","protected":false},"author":1,"featured_media":99513,"comment_status":"open","ping_status":"open","sticky":false,"template":"","format":"standard","meta":{"footnotes":""},"categories":[6],"tags":[],"class_list":["post-122809","post","type-post","status-publish","format-standard","has-post-thumbnail","hentry","category-destaques"],"_links":{"self":[{"href":"https:\/\/iparaiba.com.br\/index.php\/wp-json\/wp\/v2\/posts\/122809","targetHints":{"allow":["GET"]}}],"collection":[{"href":"https:\/\/iparaiba.com.br\/index.php\/wp-json\/wp\/v2\/posts"}],"about":[{"href":"https:\/\/iparaiba.com.br\/index.php\/wp-json\/wp\/v2\/types\/post"}],"author":[{"embeddable":true,"href":"https:\/\/iparaiba.com.br\/index.php\/wp-json\/wp\/v2\/users\/1"}],"replies":[{"embeddable":true,"href":"https:\/\/iparaiba.com.br\/index.php\/wp-json\/wp\/v2\/comments?post=122809"}],"version-history":[{"count":1,"href":"https:\/\/iparaiba.com.br\/index.php\/wp-json\/wp\/v2\/posts\/122809\/revisions"}],"predecessor-version":[{"id":122833,"href":"https:\/\/iparaiba.com.br\/index.php\/wp-json\/wp\/v2\/posts\/122809\/revisions\/122833"}],"wp:featuredmedia":[{"embeddable":true,"href":"https:\/\/iparaiba.com.br\/index.php\/wp-json\/wp\/v2\/media\/99513"}],"wp:attachment":[{"href":"https:\/\/iparaiba.com.br\/index.php\/wp-json\/wp\/v2\/media?parent=122809"}],"wp:term":[{"taxonomy":"category","embeddable":true,"href":"https:\/\/iparaiba.com.br\/index.php\/wp-json\/wp\/v2\/categories?post=122809"},{"taxonomy":"post_tag","embeddable":true,"href":"https:\/\/iparaiba.com.br\/index.php\/wp-json\/wp\/v2\/tags?post=122809"}],"curies":[{"name":"wp","href":"https:\/\/api.w.org\/{rel}","templated":true}]}}