{"id":122786,"date":"2024-09-02T10:11:10","date_gmt":"2024-09-02T13:11:10","guid":{"rendered":"https:\/\/onordeste.com.br\/?p=122740"},"modified":"2024-09-02T10:11:10","modified_gmt":"2024-09-02T13:11:10","slug":"confira-o-resultado-definitivo-da-primeira-fase-do-41o-exame-de-ordem-unificado","status":"publish","type":"post","link":"https:\/\/iparaiba.com.br\/index.php\/2024\/09\/02\/confira-o-resultado-definitivo-da-primeira-fase-do-41o-exame-de-ordem-unificado\/","title":{"rendered":"Confira o resultado definitivo da primeira fase do 41\u00ba Exame de Ordem Unificado"},"content":{"rendered":"<p>A Coordena\u00e7\u00e3o Nacional do Exame de Ordem Unificado da OAB divulga, nesta ter\u00e7a-feira (27\/8), o resultado definitivo da 1\u00aa fase (prova objetiva) do 41\u00ba Exame de Ordem Unificado (EOU).<\/p>\n<p><a href=\"https:\/\/s.oab.org.br\/arquivos\/2024\/08\/311e55a3-a983-4eb9-8f60-c8606ab187c6.pdf\" target=\"_blank\" rel=\"noopener\">Resultado Definitivo (ap\u00f3s recursos) &#8211; Prova objetiva (1\u00aa fase)<\/a><\/p>\n<p><a href=\"http:\/\/inscricaooab.fgv.br\/ResultadoEOU1.aspx?tab=vif0e23d6e486b6f4cf28573bbcd75dbd2\" target=\"_blank\" rel=\"noopener\">Consulta Individual &#8211; Resultado Definitivo &#8211; Prova objetiva (1\u00aa fase)<\/a><\/p>\n<p><a href=\"https:\/\/inscricaooab.fgv.br\/RespostaRecursoCPF.aspx?key=929&amp;t=4\" target=\"_blank\" rel=\"noopener\">Respostas aos recursos interpostos contra o resultado preliminar da prova objetiva<\/a><\/p>\n<div>Vale lembrar que a aplica\u00e7\u00e3o da prova pr\u00e1tico-profissional (2\u00aa fase) est\u00e1 agendada para 22 de setembro.<\/div>\n<div><\/div>\n<p>A aprova\u00e7\u00e3o no Exame de Ordem Unificado \u00e9 requisito para a inscri\u00e7\u00e3o nos quadros da OAB como advogado. O Exame de Ordem pode ser prestado por bacharel em Direito, ainda que pendente apenas a sua cola\u00e7\u00e3o de grau, formado em institui\u00e7\u00e3o regularmente credenciada. Poder\u00e3o realiz\u00e1-lo os estudantes de Direito do \u00faltimo ano do curso de gradua\u00e7\u00e3o ou dos dois \u00faltimos semestres.<\/p>\n","protected":false},"excerpt":{"rendered":"<p>A Coordena\u00e7\u00e3o Nacional do Exame de Ordem Unificado da OAB divulga, nesta ter\u00e7a-feira (27\/8), o resultado definitivo da 1\u00aa fase (prova objetiva) do 41\u00ba Exame de Ordem Unificado (EOU). Resultado Definitivo (ap\u00f3s recursos) &#8211; Prova objetiva (1\u00aa fase) Consulta Individual &#8211; Resultado Definitivo &#8211; Prova objetiva (1\u00aa fase) Respostas aos recursos interpostos contra o resultado &hellip;<\/p>\n","protected":false},"author":1,"featured_media":97971,"comment_status":"open","ping_status":"open","sticky":false,"template":"","format":"standard","meta":{"footnotes":""},"categories":[12],"tags":[],"class_list":["post-122786","post","type-post","status-publish","format-standard","has-post-thumbnail","hentry","category-emprego"],"_links":{"self":[{"href":"https:\/\/iparaiba.com.br\/index.php\/wp-json\/wp\/v2\/posts\/122786","targetHints":{"allow":["GET"]}}],"collection":[{"href":"https:\/\/iparaiba.com.br\/index.php\/wp-json\/wp\/v2\/posts"}],"about":[{"href":"https:\/\/iparaiba.com.br\/index.php\/wp-json\/wp\/v2\/types\/post"}],"author":[{"embeddable":true,"href":"https:\/\/iparaiba.com.br\/index.php\/wp-json\/wp\/v2\/users\/1"}],"replies":[{"embeddable":true,"href":"https:\/\/iparaiba.com.br\/index.php\/wp-json\/wp\/v2\/comments?post=122786"}],"version-history":[{"count":0,"href":"https:\/\/iparaiba.com.br\/index.php\/wp-json\/wp\/v2\/posts\/122786\/revisions"}],"wp:featuredmedia":[{"embeddable":true,"href":"https:\/\/iparaiba.com.br\/index.php\/wp-json\/wp\/v2\/media\/97971"}],"wp:attachment":[{"href":"https:\/\/iparaiba.com.br\/index.php\/wp-json\/wp\/v2\/media?parent=122786"}],"wp:term":[{"taxonomy":"category","embeddable":true,"href":"https:\/\/iparaiba.com.br\/index.php\/wp-json\/wp\/v2\/categories?post=122786"},{"taxonomy":"post_tag","embeddable":true,"href":"https:\/\/iparaiba.com.br\/index.php\/wp-json\/wp\/v2\/tags?post=122786"}],"curies":[{"name":"wp","href":"https:\/\/api.w.org\/{rel}","templated":true}]}}